{"id":48904,"date":"2022-01-25T07:06:56","date_gmt":"2022-01-25T06:06:56","guid":{"rendered":"https:\/\/isbsport.com\/tests-en-jerez-con-kawasaki-puccetti-racing\/"},"modified":"2022-08-21T15:05:28","modified_gmt":"2022-08-21T14:05:28","slug":"test-a-jerez-per-il-kawasaki-puccetti-racing","status":"publish","type":"post","link":"https:\/\/isbsport.com\/it\/test-a-jerez-per-il-kawasaki-puccetti-racing\/","title":{"rendered":"Test a Jerez per il Kawasaki Puccetti Racing"},"content":{"rendered":"<p>La pausa invernale \u00e8 terminata ed il Kawasaki Puccetti Racing \u00e8 pronto a riprendere la propria attivit\u00e0 in pista. Il lavoro dei tecnici della squadra di Manuel Puccetti non si \u00e8 mai interrotto, ed ora \u00e8 tempo di verificare in circuito quanto \u00e8 stato preparato nella sede del team a Reggio Emilia. Il Kawasaki Puccetti Racing svolger\u00e0 due giornate di prove sulla pista di Jerez de la Frontera in Spagna, il 26 ed il 27 gennaio. Sar\u00e0 un primo shakedown, in preparazione ai due campionati mondiali Superbike e Supersport che inizieranno nel weekend del 8-10 Aprile al Motorland Aragon in Spagna.<\/p>\n<p>Nella rinnovata Supersport, che da quest\u2019anno \u00e8 aperta anche a moto di cilindrata superiore a 600 cc, i due alfieri della squadra italiana saranno il confermato Can Oncu e la new entry Yari Montella. I due formano la coppia pi\u00f9 giovane della classe intermedia delle derivate, in quanto il turco deve compiere 19 anni mentre l\u2019italiano ne ha appena compiuti 22. Per Oncu sta per iniziare il secondo anno con il Kawasaki Puccetti Racing, il terzo con la Kawasaki ZX-6R. Montella invece \u00e8 al suo primo anno sia con la squadra italiana che con il mondiale Supersport, campionato nel quale sino ad ora ha disputato solo due gare.<\/p>\n<p>In Superbike sar\u00e0 ancora Lucas Mahias a portare in pista la ZX-10RR del Kawasaki Puccetti Racing. Il francese ha debuttato in pianta stabile nella classe regina solo lo scorso anno. La sua \u00e8 stata una stagione travagliata dagli infortuni, l\u2019ultimo dei quali lo ha costretto a rinunciare agli ultimi quattro round del campionato. Lucas ritorna sulla sua moto dopo una sosta di quattro mesi, con l\u2019obiettivo di dimostrare un potenziale che lo scorso anno ha avuto modo di esprimere soltanto a sprazzi.<br \/>\nSia Mahias che i due piloti della Supersport, non ha mai smesso di allenarsi, sia in palestra che con moto da pista, da cross e motard e non vedono l\u2019ora di provare a Jerez.<\/p>\n<p>\u201cSiamo molto felici ed ansiosi di iniziare la stagione 2022. Dopo una lunga sosta Mahias potr\u00e0 finalmente tornare in sella alla ZX-10RR, una moto nuova sulla quale i nostri tecnici hanno lavorato nella pausa invernale. Lucas potr\u00e0 testare la versione 2022, che presenta alcuni aggiornamenti al cambio ed alla frizione, oltre che alla carenatura. Sono molto fiducioso per quanto riguarda i nostri giovani piloti della Supersport. Dopo un\u2019annata in costante crescita Oncu punta decisamente al titolo mondiale, mentre sono certo che Montella mostrer\u00e0 tutto il suo potenziale. Le loro moto sono state aggiornate secondo il nuovo regolamento, compreso un upgrade ai freni\u201d.<\/p>\n","protected":false},"excerpt":{"rendered":"<p>La pausa invernale \u00e8 terminata ed il Kawasaki Puccetti Racing \u00e8 pronto a riprendere la propria attivit\u00e0 in pista. Il lavoro dei tecnici della squadra di Manuel Puccetti non si \u00e8 mai interrotto, ed ora \u00e8 tempo di verificare in circuito quanto \u00e8 stato preparato&#8230;<\/p>\n","protected":false},"author":5,"featured_media":47976,"comment_status":"open","ping_status":"open","sticky":false,"template":"","format":"standard","meta":{"footnotes":""},"categories":[500],"tags":[516],"class_list":["post-48904","post","type-post","status-publish","format-standard","has-post-thumbnail","hentry","category-racing-motor-it","tag-kawasaki-puccetti-racing-team-it"],"_links":{"self":[{"href":"https:\/\/isbsport.com\/it\/wp-json\/wp\/v2\/posts\/48904","targetHints":{"allow":["GET"]}}],"collection":[{"href":"https:\/\/isbsport.com\/it\/wp-json\/wp\/v2\/posts"}],"about":[{"href":"https:\/\/isbsport.com\/it\/wp-json\/wp\/v2\/types\/post"}],"author":[{"embeddable":true,"href":"https:\/\/isbsport.com\/it\/wp-json\/wp\/v2\/users\/5"}],"replies":[{"embeddable":true,"href":"https:\/\/isbsport.com\/it\/wp-json\/wp\/v2\/comments?post=48904"}],"version-history":[{"count":0,"href":"https:\/\/isbsport.com\/it\/wp-json\/wp\/v2\/posts\/48904\/revisions"}],"wp:featuredmedia":[{"embeddable":true,"href":"https:\/\/isbsport.com\/it\/wp-json\/wp\/v2\/media\/47976"}],"wp:attachment":[{"href":"https:\/\/isbsport.com\/it\/wp-json\/wp\/v2\/media?parent=48904"}],"wp:term":[{"taxonomy":"category","embeddable":true,"href":"https:\/\/isbsport.com\/it\/wp-json\/wp\/v2\/categories?post=48904"},{"taxonomy":"post_tag","embeddable":true,"href":"https:\/\/isbsport.com\/it\/wp-json\/wp\/v2\/tags?post=48904"}],"curies":[{"name":"wp","href":"https:\/\/api.w.org\/{rel}","templated":true}]}}