{"id":67793,"date":"2026-04-28T11:00:11","date_gmt":"2026-04-28T10:00:11","guid":{"rendered":"https:\/\/isbsport.com\/natalia-fischer-spanish-womens-gravel-champion\/"},"modified":"2026-04-29T15:15:44","modified_gmt":"2026-04-29T14:15:44","slug":"natalia-fischer-campeona-espanola-gravel","status":"publish","type":"post","link":"https:\/\/isbsport.com\/it\/natalia-fischer-campeona-espanola-gravel\/","title":{"rendered":"NATALIA FISCHER CAMPEONA ESPA\u00d1OLA GRAVEL FEMENINO"},"content":{"rendered":"<p>La ciclista, del equipo Extremadura-Ecopilas y embajadora de <a href=\"https:\/\/isbsport.com\/it\/?page_id=64905\">ISB SPORT<\/a>, dos veces campeona de Europa de bikemarathon, suma a su palmar\u00e9s su primer t\u00edtulo nacional de gravel. Natalia Fischer no dej\u00f3 lugar a dudas y decidi\u00f3 la carrera con un ataque en la subida m\u00e1s exigente del recorrido. Su superioridad qued\u00f3 patente a partir de ese momento, abriendo una brecha que nadie pudo cerrar.<\/p>\n<p>&nbsp;<\/p>\n<p>Natalia Fischer: \u00abAl final, aprovech\u00e9 mis habilidades en la escalada, apretando fuerte y atacando sin mirar atr\u00e1s en los tramos de tierra, donde me siento m\u00e1s c\u00f3moda, y en la subida. A partir de ah\u00ed, fue una contrarreloj hasta la meta. Me sent\u00ed muy bien, muy contenta\u00bb.<\/p>\n<p>&nbsp;<\/p>\n<p>El compromiso de ISB SPORT con el deporte femenino y el excelente estado de forma de todas sus embajadoras queda patente una vez m\u00e1s con esta victoria, que supone un paso m\u00e1s en su palmar\u00e9s.<\/p>\n<p>&nbsp;<\/p>\n<p><img loading=\"lazy\" decoding=\"async\" class=\"aligncenter size-full wp-image-67782\" src=\"https:\/\/isbsport.com\/wp-content\/uploads\/2026\/04\/barroso-fischer_2_790x454.jpeg\" alt=\"Natalia Fischer Campeona Espa\u00f1a Gravel\" width=\"790\" height=\"454\" srcset=\"https:\/\/isbsport.com\/wp-content\/uploads\/2026\/04\/barroso-fischer_2_790x454.jpeg 790w, https:\/\/isbsport.com\/wp-content\/uploads\/2026\/04\/barroso-fischer_2_790x454-300x172.jpeg 300w, https:\/\/isbsport.com\/wp-content\/uploads\/2026\/04\/barroso-fischer_2_790x454-768x441.jpeg 768w, https:\/\/isbsport.com\/wp-content\/uploads\/2026\/04\/barroso-fischer_2_790x454-345x198.jpeg 345w, https:\/\/isbsport.com\/wp-content\/uploads\/2026\/04\/barroso-fischer_2_790x454-700x402.jpeg 700w, https:\/\/isbsport.com\/wp-content\/uploads\/2026\/04\/barroso-fischer_2_790x454-600x345.jpeg 600w\" sizes=\"auto, (max-width: 790px) 100vw, 790px\" \/><\/p>\n","protected":false},"excerpt":{"rendered":"<p>La ciclista, del equipo Extremadura-Ecopilas y embajadora de ISB SPORT, dos veces campeona de Europa de bikemarathon, suma a su palmar\u00e9s su primer t\u00edtulo nacional de gravel. Natalia Fischer no dej\u00f3 lugar a dudas y decidi\u00f3 la carrera con un ataque en la subida m\u00e1s&#8230;<\/p>\n","protected":false},"author":13,"featured_media":67780,"comment_status":"closed","ping_status":"closed","sticky":false,"template":"","format":"standard","meta":{"footnotes":""},"categories":[467],"tags":[3716],"class_list":["post-67793","post","type-post","status-publish","format-standard","has-post-thumbnail","hentry","category-cycling","tag-natalia-fischer-it"],"_links":{"self":[{"href":"https:\/\/isbsport.com\/it\/wp-json\/wp\/v2\/posts\/67793","targetHints":{"allow":["GET"]}}],"collection":[{"href":"https:\/\/isbsport.com\/it\/wp-json\/wp\/v2\/posts"}],"about":[{"href":"https:\/\/isbsport.com\/it\/wp-json\/wp\/v2\/types\/post"}],"author":[{"embeddable":true,"href":"https:\/\/isbsport.com\/it\/wp-json\/wp\/v2\/users\/13"}],"replies":[{"embeddable":true,"href":"https:\/\/isbsport.com\/it\/wp-json\/wp\/v2\/comments?post=67793"}],"version-history":[{"count":2,"href":"https:\/\/isbsport.com\/it\/wp-json\/wp\/v2\/posts\/67793\/revisions"}],"predecessor-version":[{"id":67797,"href":"https:\/\/isbsport.com\/it\/wp-json\/wp\/v2\/posts\/67793\/revisions\/67797"}],"wp:featuredmedia":[{"embeddable":true,"href":"https:\/\/isbsport.com\/it\/wp-json\/wp\/v2\/media\/67780"}],"wp:attachment":[{"href":"https:\/\/isbsport.com\/it\/wp-json\/wp\/v2\/media?parent=67793"}],"wp:term":[{"taxonomy":"category","embeddable":true,"href":"https:\/\/isbsport.com\/it\/wp-json\/wp\/v2\/categories?post=67793"},{"taxonomy":"post_tag","embeddable":true,"href":"https:\/\/isbsport.com\/it\/wp-json\/wp\/v2\/tags?post=67793"}],"curies":[{"name":"wp","href":"https:\/\/api.w.org\/{rel}","templated":true}]}}