{"id":49019,"date":"2021-07-23T10:10:18","date_gmt":"2021-07-23T10:10:18","guid":{"rendered":"https:\/\/isbsport.com\/patxi-peula-plata-europeos-euro-canelas\/"},"modified":"2021-07-23T10:10:18","modified_gmt":"2021-07-23T10:10:18","slug":"patxi-peula-plata-europeos-euro-canelas","status":"publish","type":"post","link":"https:\/\/isbsport.com\/latam\/patxi-peula-plata-europeos-euro-canelas\/","title":{"rendered":"Patxi Peula, plata en los Europeos de Euro Canelas 2021"},"content":{"rendered":"<p><strong>33. Estas son las medallas que Patxi Peula<\/strong>\u00a0acumula en las ediciones del campeonato europeo absoluto de patinaje desde 2007. A estas hay que a\u00f1adir las 5 conseguidas en categor\u00eda junior, y las 7 de los campeonatos del mundo. En total, el patinador vitoriano acumula 45 medallas internacionales, 7 Campeonatos de Europa y 2 Campeonatos del Mundo.<\/p>\n<p>La \u00faltima medalla en europeos ha llegado esta semana en el\u00a0<a href=\"https:\/\/www.gasteizhoy.com\/patxi-peula-rafael-heredia-europeo-patinaje\/\" target=\"_blank\" rel=\"noopener\">Europeo de Canelas (Portugal)<\/a>, en forma de\u00a0<strong>plata\u00a0<\/strong>en la prueba de\u00a0<strong>3.000m relevos a la americana por equipos<\/strong>. Una prueba que corri\u00f3 junto con su\u00a0<strong>compa\u00f1ero en Marianistas Rafa Heredia<\/strong>\u00a0y Nil Llop. Adem\u00e1s, Daniel Milagros corri\u00f3 la clasificaci\u00f3n de la prueba. Y es que Peula hab\u00eda participado esa misma ma\u00f1ana en los 1.000m sprint, en la que consigui\u00f3 el d\u00e9cimo puesto tras participar en la semifinal m\u00e1s lenta, y pese a haber entrado tercero.<\/p>\n<div id=\"attachment_159204\" class=\"wp-caption aligncenter amp-wp-cff4188\" data-amp-original-style=\"width: 889px\"><\/div>\n<div data-amp-original-style=\"width: 889px\"><\/div>\n<div data-amp-original-style=\"width: 889px\">\n<p>Peula llegaba a los campeonatos de Europa sin haber competido internacionalmente desde hac\u00eda muchos meses. La entrada en los campeonatos para \u00e9l fue \u201cagridulce\u201d, con un\u00a0<strong>noveno puesto en los 10.000m puntuaci\u00f3n eliminaci\u00f3n<\/strong>. El segundo d\u00eda las sensaciones fueron mejores, y consigui\u00f3 un\u00a0<strong>quinto puesto en los 10.000m eliminaci\u00f3n<\/strong>. Una posici\u00f3n que le deja \u201ccontento\u201d: \u201cNo es una de mis favoritas, pero me sent\u00ed bien en esta prueba\u201d, ha asegurado.<\/p>\n<\/div>\n<p>&nbsp;<\/p>\n<div data-amp-original-style=\"width: 889px\">\n<h2><img loading=\"lazy\" decoding=\"async\" class=\"alignnone size-full wp-image-33092\" src=\"https:\/\/isbsport.com\/wp-content\/uploads\/2021\/07\/patxi-peula-europeo-patinaje-2.jpg\" alt=\"patxi-peula-europeo-patinaje-2\" width=\"879\" height=\"577\" \/><\/h2>\n<h2><\/h2>\n<h2>La carrera<\/h2>\n<p>Como suele ser habitual, la carrera de 3.000 metros relevos a la americana por equipos result\u00f3 muy movida: \u201c<strong>Pasamos por todas las posiciones<\/strong>. Salimos cuartos y llegamos a estar primeros, pero hubo cambios durante toda la carrera. Pero a falta de tres vueltas hubo un encontronazo entre Portugal, Francia. Poco despu\u00e9s Italia pas\u00f3 a ser primera y Espa\u00f1a segunda, y en el \u00faltimo relevo pude\u00a0<strong>rematar para conseguir la plata<\/strong>\u201c, narra Patxi Peula.<\/p>\n<p>\u201cSiempre se dice que esta prueba se gana en la zona de relevos, y nosotros los dimos todos limpios.\u00a0<strong>Es una carrera de supervivencia<\/strong>, Francia e Italia eran favoritos, y la medalla estaba cara\u201d, reconoce Peula. \u201cPero nosotros salimos a ganar, como hay que salir en estas pruebas, porque nunca sabes que puede pasar: una ca\u00edda, un choque\u2026 Y la suerte estuvo de nuestro lado\u201d.<\/p>\n<p>&nbsp;<\/p>\n<\/div>\n<p><img loading=\"lazy\" decoding=\"async\" class=\"alignnone size-full wp-image-33095\" src=\"https:\/\/isbsport.com\/wp-content\/uploads\/2021\/07\/patxi-peula-europeo-patinaje-5.jpg\" alt=\"\" width=\"960\" height=\"960\" \/><img loading=\"lazy\" decoding=\"async\" class=\"alignnone size-full wp-image-33098\" src=\"https:\/\/isbsport.com\/wp-content\/uploads\/2021\/07\/patxi-peula-europeo-patinaje-4.jpg\" alt=\"\" width=\"960\" height=\"960\" \/><\/p>\n<p>Fuente de la noticia: www.gasteizhoy.com<\/p>\n","protected":false},"excerpt":{"rendered":"<p>33. Estas son las medallas que Patxi Peula\u00a0acumula en las ediciones del campeonato europeo absoluto de patinaje desde 2007. A estas hay que a\u00f1adir las 5 conseguidas en categor\u00eda junior, y las 7 de los campeonatos del mundo. En total, el patinador vitoriano acumula 45&#8230;<\/p>\n","protected":false},"author":5,"featured_media":49020,"comment_status":"open","ping_status":"open","sticky":false,"template":"","format":"standard","meta":{"footnotes":""},"categories":[529],"tags":[531,532],"class_list":["post-49019","post","type-post","status-publish","format-standard","has-post-thumbnail","hentry","category-roller-latam","tag-patxi-peula-latam","tag-roller-isb-sport-latam"],"_links":{"self":[{"href":"https:\/\/isbsport.com\/latam\/wp-json\/wp\/v2\/posts\/49019","targetHints":{"allow":["GET"]}}],"collection":[{"href":"https:\/\/isbsport.com\/latam\/wp-json\/wp\/v2\/posts"}],"about":[{"href":"https:\/\/isbsport.com\/latam\/wp-json\/wp\/v2\/types\/post"}],"author":[{"embeddable":true,"href":"https:\/\/isbsport.com\/latam\/wp-json\/wp\/v2\/users\/5"}],"replies":[{"embeddable":true,"href":"https:\/\/isbsport.com\/latam\/wp-json\/wp\/v2\/comments?post=49019"}],"version-history":[{"count":0,"href":"https:\/\/isbsport.com\/latam\/wp-json\/wp\/v2\/posts\/49019\/revisions"}],"wp:featuredmedia":[{"embeddable":true,"href":"https:\/\/isbsport.com\/latam\/wp-json\/wp\/v2\/media\/49020"}],"wp:attachment":[{"href":"https:\/\/isbsport.com\/latam\/wp-json\/wp\/v2\/media?parent=49019"}],"wp:term":[{"taxonomy":"category","embeddable":true,"href":"https:\/\/isbsport.com\/latam\/wp-json\/wp\/v2\/categories?post=49019"},{"taxonomy":"post_tag","embeddable":true,"href":"https:\/\/isbsport.com\/latam\/wp-json\/wp\/v2\/tags?post=49019"}],"curies":[{"name":"wp","href":"https:\/\/api.w.org\/{rel}","templated":true}]}}