{"id":49059,"date":"2019-12-05T13:22:26","date_gmt":"2019-12-05T12:22:26","guid":{"rendered":"https:\/\/isbsport.com\/isb-sport-moto-electrica-al-dakar-2020\/"},"modified":"2019-12-05T13:22:26","modified_gmt":"2019-12-05T12:22:26","slug":"isb-sport-moto-electrica-al-dakar-2020","status":"publish","type":"post","link":"https:\/\/isbsport.com\/latam\/isb-sport-moto-electrica-al-dakar-2020\/","title":{"rendered":"ISB Sport &#038; moto el\u00e9ctrica al Dakar 2020"},"content":{"rendered":"<p>ISB SPORT PATROCINA EL PRIMER PROYECTO DE MOTO EL\u00c9CTRICA PARA EL DAKAR<\/p>\n<p>Del 5 al al 17 de enero se disputar\u00e1 el Dakar por primera vez en Arabia Saud\u00ed. El mayor evento off-road del mundo del motor dar\u00e1 el pistoletazo de salida al a\u00f1o nuevo en las categor\u00edas de motos, coches, camiones y quads. En un pa\u00eds en el que el desierto es el rey, un 75% del rally se desarrollar\u00e1 sobre arena y durante la segunda semana del Dakar se incorporar\u00e1 para seguir la carrera la primera moto el\u00e9ctrica, patrocinado por ISB Sport y pensada para que en un futuro participe en este rally.<\/p>\n<p>Una de las personas que lidera el proyecto es <strong>Joan Puig<\/strong>, experimentado piloto que ya ha corrido el Dakar y que tiene la mirada puesta en poner una moto el\u00e9ctrica en esta apasionante carrera. Puig comenta: \u201cEl objetivo de esta moto es muy sencillo, ser el primer equipo en correr el Dakar en moto el\u00e9ctrica para acabar constituyendo un veh\u00edculo el\u00e9ctrico de larga duraci\u00f3n con la \u00faltima tecnolog\u00eda en litio, siendo el elemento utilizado para las bater\u00edas. Siempre trabajamos con la mejor densidad de bater\u00edas y el objetivo es, ya partiendo de una moto de alta calidad construida en titanio, hacer veh\u00edculos de altas prestaciones para un p\u00fablico que se dedica a hacer grandes retos.\u201d \u201cNosotros ya hace 3 a\u00f1os que pod\u00edamos haber participado en el Dakar con densidades m\u00e1s bajas y una gran cantidad de bater\u00edas a repostar, hay que recordar que el protocolo para correr el Dakar lo hicimos nosotros y es el que usa actualmente A.S.O. <em>(organizador del Dakar)<\/em>. A d\u00eda de hoy, despu\u00e9s de 3 a\u00f1os, hemos conseguido un mejor producto ya que antes ten\u00edamos 100 bater\u00edas a utilizar y ahora con 30 lo conseguimos. O sea, en 3 a\u00f1os el proyecto ha cambiado much\u00edsimo. Vamos evolucionando y esperamos encontrar la financiaci\u00f3n para ser el primer equipo en correr el Dakar en moto-e.\u201d \u201cEn el Dakar ense\u00f1aremos la moto a todo el mundo, a las grandes marcas, equipos y patrocinadores que la vean. La moto estar\u00e1 all\u00ed disponible durante 7 d\u00edas.\u201d<\/p>\n<p>&nbsp;<\/p>\n<p>Este proyecto forma parte las acciones de Responsabilidad Corporativa que lleva a cabo ISB Sport dentro del marco del I+D y la movilidad sostenible<\/p>\n","protected":false},"excerpt":{"rendered":"<p>ISB SPORT PATROCINA EL PRIMER PROYECTO DE MOTO EL\u00c9CTRICA PARA EL DAKAR Del 5 al al 17 de enero se disputar\u00e1 el Dakar por primera vez en Arabia Saud\u00ed. El mayor evento off-road del mundo del motor dar\u00e1 el pistoletazo de salida al a\u00f1o nuevo&#8230;<\/p>\n","protected":false},"author":5,"featured_media":49060,"comment_status":"open","ping_status":"open","sticky":false,"template":"","format":"standard","meta":{"footnotes":""},"categories":[546,534],"tags":[537,544],"class_list":["post-49059","post","type-post","status-publish","format-standard","has-post-thumbnail","hentry","category-id-latam","category-racing-motor-latam","tag-motor-isb-sport-latam","tag-rsc-responsabilidad-social-corporativa-isb-sport-latam"],"_links":{"self":[{"href":"https:\/\/isbsport.com\/latam\/wp-json\/wp\/v2\/posts\/49059","targetHints":{"allow":["GET"]}}],"collection":[{"href":"https:\/\/isbsport.com\/latam\/wp-json\/wp\/v2\/posts"}],"about":[{"href":"https:\/\/isbsport.com\/latam\/wp-json\/wp\/v2\/types\/post"}],"author":[{"embeddable":true,"href":"https:\/\/isbsport.com\/latam\/wp-json\/wp\/v2\/users\/5"}],"replies":[{"embeddable":true,"href":"https:\/\/isbsport.com\/latam\/wp-json\/wp\/v2\/comments?post=49059"}],"version-history":[{"count":0,"href":"https:\/\/isbsport.com\/latam\/wp-json\/wp\/v2\/posts\/49059\/revisions"}],"wp:featuredmedia":[{"embeddable":true,"href":"https:\/\/isbsport.com\/latam\/wp-json\/wp\/v2\/media\/49060"}],"wp:attachment":[{"href":"https:\/\/isbsport.com\/latam\/wp-json\/wp\/v2\/media?parent=49059"}],"wp:term":[{"taxonomy":"category","embeddable":true,"href":"https:\/\/isbsport.com\/latam\/wp-json\/wp\/v2\/categories?post=49059"},{"taxonomy":"post_tag","embeddable":true,"href":"https:\/\/isbsport.com\/latam\/wp-json\/wp\/v2\/tags?post=49059"}],"curies":[{"name":"wp","href":"https:\/\/api.w.org\/{rel}","templated":true}]}}