{"id":49063,"date":"2018-02-06T13:31:43","date_gmt":"2018-02-06T12:31:43","guid":{"rendered":"https:\/\/isbsport.com\/isb-e-moto-en-basella-race\/"},"modified":"2018-02-06T13:31:43","modified_gmt":"2018-02-06T12:31:43","slug":"isb-e-moto-en-basella-race","status":"publish","type":"post","link":"https:\/\/isbsport.com\/latam\/isb-e-moto-en-basella-race\/","title":{"rendered":"ISB e-moto en Basella Race"},"content":{"rendered":"<p>E-moto cr\u00f3nica en Basella Race<\/p>\n<p>El proyecto de la e-moto forma parte las acciones de Responsabilidad Corporativa que lleva a cabo ISB Sport dentro del marco del I+D y la movilidad sostenible, adem\u00e1s de la colaboraci\u00f3n en la formaci\u00f3n de j\u00f3venes talentos<\/p>\n<p>&nbsp;<\/p>\n<p>Final inesperado!!!sab\u00edamos que las dos motos iban bien y cualquiera de ellas har\u00eda buen papel.<br \/>\nJoan sali\u00f3 con la Wattbike con configuracion de suspension y neumatico mas adecuada para enduro, la hermana mayor.<br \/>\nDisfrutando mucho con grandes sensaciones hasta el km 34 encontr\u00e1ndose con un pilot@ en el suelo, cual es su sorpresa cuando ve que era Sara Garcia una de las posibles integrantes de nuestr<span class=\"text_exposed_show\">o reto para el Dakar 2019, Sara se hab\u00eda roto el tobillo. Joan y otros pilotos la ayudaron y resguardaron en una zona segura hasta la llegada de la asistencia, llegando despu\u00e9s de una hora.<\/span><\/p>\n<p><span class=\"text_exposed_show\"><br \/>\nHoy ha sido un d\u00eda duro: Lluvia, barro, mucho barro y ha sido duro para todos los pilotos y para las asistencias.<br \/>\nCuando la han asistido los Marshall han dicho a los pilotos que la carrera se acababa para ellos, Joan les ha dicho que su moto estaba delante de ellos y que \u00e9l segu\u00eda y as\u00ed a sido.<\/span><\/p>\n<p><span class=\"text_exposed_show\"><br \/>\n9 Km despu\u00e9s ha encontrado m\u00e1s de 20 motos atascadas en una trialera y all\u00ed se acab\u00f3 la carrera a sido imposible continuar y la organizaci\u00f3n ha decidido retirar a todos los pilotos atascados, Joan incluido.<br \/>\nHa sido una l\u00e1stima pero ante todo est\u00e1 el compa\u00f1erismo y Joan siempre ha sido ante todo compa\u00f1ero antes que piloto.<br \/>\nGracias a todos los colaboradores y amigos.<\/span><\/p>\n<p><span class=\"text_exposed_show\"><br \/>\nEn Wattpower racing nos gusta mucho correr, pero mas nos gusta la gente!<br \/>\nNuestras motos siguem demostrando su potencial, y en esta ocasion lo han comprobado muchos de los numerosos pilotos, que nos han felicitado en la misma pista @wattpowerracing\u00a0<a href=\"https:\/\/www.facebook.com\/motozero.cl\/\" data-hovercard=\"\/ajax\/hovercard\/page.php?id=700776676627398&amp;extragetparams=%7B%22directed_target_id%22%3Anull%2C%22groups_location%22%3Anull%7D\" data-hovercard-prefer-more-content-show=\"1\">Zeromotorcycles<\/a><a href=\"https:\/\/www.facebook.com\/isbsport\/\" data-hovercard=\"\/ajax\/hovercard\/page.php?id=337865986369235&amp;extragetparams=%7B%22directed_target_id%22%3Anull%2C%22groups_location%22%3Anull%7D\" data-hovercard-prefer-more-content-show=\"1\">ISB SPORT<\/a>\u00a0@rostisseriacanroca @dunlop_es @conservasdani\u00a0<a href=\"https:\/\/www.facebook.com\/calzadosdiazlopez\/\" data-hovercard=\"\/ajax\/hovercard\/page.php?id=731912523555581&amp;extragetparams=%7B%22directed_target_id%22%3Anull%2C%22groups_location%22%3Anull%7D\" data-hovercard-prefer-more-content-show=\"1\">Calzadosdiazlopez<\/a>\u00a0@directbike<a class=\"_58cn\" href=\"https:\/\/www.facebook.com\/hashtag\/tecoi\" data-ft=\"{&quot;tn&quot;:&quot;*N&quot;,&quot;type&quot;:104}\">#tecoi<\/a>\u00a0<a class=\"_58cn\" href=\"https:\/\/www.facebook.com\/hashtag\/speedgrafics\" data-ft=\"{&quot;tn&quot;:&quot;*N&quot;,&quot;type&quot;:104}\">#speedgrafics<\/a>\u00a0@motorartgarage<a class=\"_58cn\" href=\"https:\/\/www.facebook.com\/hashtag\/basellarace1\" data-ft=\"{&quot;tn&quot;:&quot;*N&quot;,&quot;type&quot;:104}\">#basellarace1<\/a><\/span><\/p>\n<p>&nbsp;<\/p>\n<p>&nbsp;<\/p>\n<p style=\"text-align: center;\">GR\u00c1FICA EN MARCHA!!!<\/p>\n<p><img loading=\"lazy\" decoding=\"async\" class=\"aligncenter size-large wp-image-17066\" src=\"https:\/\/isbsport.com\/wp-content\/uploads\/2018\/02\/ISB-Rodamientos-moto-electrica-basella-race-3-1024x768.jpg\" alt=\"ISB Rodamientos moto electrica basella race (3)\" width=\"1024\" height=\"768\" \/><\/p>\n<p><img loading=\"lazy\" decoding=\"async\" class=\"aligncenter size-large wp-image-17067\" src=\"https:\/\/isbsport.com\/wp-content\/uploads\/2018\/02\/ISB-Rodamientos-moto-electrica-basella-race-4-1024x768.jpg\" alt=\"\" width=\"1024\" height=\"768\" \/><\/p>\n<p>&nbsp;<\/p>\n<p>&nbsp;<\/p>\n<p style=\"text-align: center;\">Y A LA CARRERA!!!<\/p>\n<p><img loading=\"lazy\" decoding=\"async\" class=\"aligncenter size-large wp-image-17077\" src=\"https:\/\/isbsport.com\/wp-content\/uploads\/2018\/02\/ISB-Rodamientos-moto-electrica-basella-race-15-1024x768.jpg\" alt=\"\" width=\"1024\" height=\"768\" \/><\/p>\n<p><img loading=\"lazy\" decoding=\"async\" class=\"aligncenter size-large wp-image-17068\" src=\"https:\/\/isbsport.com\/wp-content\/uploads\/2018\/02\/ISB-Rodamientos-moto-electrica-basella-race-6.jpg\" alt=\"\" width=\"960\" height=\"720\" \/><\/p>\n<p><img loading=\"lazy\" decoding=\"async\" class=\"aligncenter size-large wp-image-17069\" src=\"https:\/\/isbsport.com\/wp-content\/uploads\/2018\/02\/ISB-Rodamientos-moto-electrica-basella-race-7.jpg\" alt=\"\" width=\"960\" height=\"720\" \/><\/p>\n<p><img loading=\"lazy\" decoding=\"async\" class=\"aligncenter size-large wp-image-17071\" src=\"https:\/\/isbsport.com\/wp-content\/uploads\/2018\/02\/ISB-Rodamientos-moto-electrica-basella-race-9.jpg\" alt=\"\" width=\"960\" height=\"720\" \/><\/p>\n<p><img loading=\"lazy\" decoding=\"async\" class=\"aligncenter size-large wp-image-17077\" src=\"https:\/\/isbsport.com\/wp-content\/uploads\/2018\/02\/ISB-Rodamientos-moto-electrica-basella-race-15-1024x768.jpg\" alt=\"\" width=\"1024\" height=\"768\" \/><\/p>\n<p><img loading=\"lazy\" decoding=\"async\" class=\"aligncenter size-large wp-image-17072\" src=\"https:\/\/isbsport.com\/wp-content\/uploads\/2018\/02\/ISB-Rodamientos-moto-electrica-basella-race-10.jpg\" alt=\"\" width=\"720\" height=\"960\" \/><\/p>\n<p><img loading=\"lazy\" decoding=\"async\" class=\"aligncenter size-large wp-image-17073\" src=\"https:\/\/isbsport.com\/wp-content\/uploads\/2018\/02\/ISB-Rodamientos-moto-electrica-basella-race-11.jpg\" alt=\"\" width=\"720\" height=\"960\" \/><\/p>\n<p><img loading=\"lazy\" decoding=\"async\" class=\"aligncenter size-large wp-image-17074\" src=\"https:\/\/isbsport.com\/wp-content\/uploads\/2018\/02\/ISB-Rodamientos-moto-electrica-basella-race-12.jpg\" alt=\"\" width=\"540\" height=\"960\" \/><\/p>\n<p><img loading=\"lazy\" decoding=\"async\" class=\"aligncenter size-large wp-image-17075\" src=\"https:\/\/isbsport.com\/wp-content\/uploads\/2018\/02\/ISB-Rodamientos-moto-electrica-basella-race-13.jpg\" alt=\"\" width=\"526\" height=\"526\" \/><\/p>\n<p><img loading=\"lazy\" decoding=\"async\" class=\"aligncenter size-large wp-image-17076\" src=\"https:\/\/isbsport.com\/wp-content\/uploads\/2018\/02\/ISB-Rodamientos-moto-electrica-basella-race-14-1024x768.jpg\" alt=\"\" width=\"1024\" height=\"768\" \/><\/p>\n<p>&nbsp;<\/p>\n<p><img loading=\"lazy\" decoding=\"async\" class=\"aligncenter size-large wp-image-17078\" src=\"https:\/\/isbsport.com\/wp-content\/uploads\/2018\/02\/ISB-Rodamientos-moto-electrica-basella-race-16-1024x768.jpg\" alt=\"\" width=\"1024\" height=\"768\" \/><\/p>\n<p>&nbsp;<\/p>\n<p><img loading=\"lazy\" decoding=\"async\" class=\"aligncenter size-large wp-image-17081\" src=\"https:\/\/isbsport.com\/wp-content\/uploads\/2018\/02\/basella-race-moto-electrica.jpg\" alt=\"\" width=\"768\" height=\"960\" \/><\/p>\n","protected":false},"excerpt":{"rendered":"<p>E-moto cr\u00f3nica en Basella Race El proyecto de la e-moto forma parte las acciones de Responsabilidad Corporativa que lleva a cabo ISB Sport dentro del marco del I+D y la movilidad sostenible, adem\u00e1s de la colaboraci\u00f3n en la formaci\u00f3n de j\u00f3venes talentos &nbsp; Final inesperado!!!sab\u00edamos&#8230;<\/p>\n","protected":false},"author":5,"featured_media":49064,"comment_status":"open","ping_status":"open","sticky":false,"template":"","format":"standard","meta":{"footnotes":""},"categories":[546,534],"tags":[537,544],"class_list":["post-49063","post","type-post","status-publish","format-standard","has-post-thumbnail","hentry","category-id-latam","category-racing-motor-latam","tag-motor-isb-sport-latam","tag-rsc-responsabilidad-social-corporativa-isb-sport-latam"],"_links":{"self":[{"href":"https:\/\/isbsport.com\/latam\/wp-json\/wp\/v2\/posts\/49063","targetHints":{"allow":["GET"]}}],"collection":[{"href":"https:\/\/isbsport.com\/latam\/wp-json\/wp\/v2\/posts"}],"about":[{"href":"https:\/\/isbsport.com\/latam\/wp-json\/wp\/v2\/types\/post"}],"author":[{"embeddable":true,"href":"https:\/\/isbsport.com\/latam\/wp-json\/wp\/v2\/users\/5"}],"replies":[{"embeddable":true,"href":"https:\/\/isbsport.com\/latam\/wp-json\/wp\/v2\/comments?post=49063"}],"version-history":[{"count":0,"href":"https:\/\/isbsport.com\/latam\/wp-json\/wp\/v2\/posts\/49063\/revisions"}],"wp:featuredmedia":[{"embeddable":true,"href":"https:\/\/isbsport.com\/latam\/wp-json\/wp\/v2\/media\/49064"}],"wp:attachment":[{"href":"https:\/\/isbsport.com\/latam\/wp-json\/wp\/v2\/media?parent=49063"}],"wp:term":[{"taxonomy":"category","embeddable":true,"href":"https:\/\/isbsport.com\/latam\/wp-json\/wp\/v2\/categories?post=49063"},{"taxonomy":"post_tag","embeddable":true,"href":"https:\/\/isbsport.com\/latam\/wp-json\/wp\/v2\/tags?post=49063"}],"curies":[{"name":"wp","href":"https:\/\/api.w.org\/{rel}","templated":true}]}}