{"id":52068,"date":"2022-09-26T11:00:32","date_gmt":"2022-09-26T10:00:32","guid":{"rendered":"https:\/\/isbsport.com\/gp-japon\/"},"modified":"2022-10-25T10:41:59","modified_gmt":"2022-10-25T09:41:59","slug":"gp-japon","status":"publish","type":"post","link":"https:\/\/isbsport.com\/latam\/gp-japon\/","title":{"rendered":"CR\u00d3NICA GP JAP\u00d3N SAG TEAM"},"content":{"rendered":"<p><strong>Os dejamos con el resumen del GP de Jap\u00f3n donde el embajador de ISB Sport, Mandalika Pertamina SAG Team ha conseguido un buen\u00edsimo Top 10.<\/strong><\/p>\n<p>\u00a1Han llegado las motos al GP de Jap\u00f3n! El campeonato de motociclismo ha aterrizado este fin de semana al circuito de Motegi donde se han vivido un sinf\u00edn de emocionantes carreras a lo largo de su larga historia. Este ha sido un fin de semana importante para el embajador de ISB Sport en Moto2 Pertamina Mandalika SAG Team. Sobre todo para el reci\u00e9n incorporado Taiga Hada que corr\u00eda en casa.<\/p>\n<p>El tif\u00f3n Talas ha sido protagonista durante la sesi\u00f3n de clasificaci\u00f3n. Frente a la incertidumbre que se viv\u00eda en los boxes los pilotos decidieron salir tan pronto como se pudo para marcar sus tiempos durante la Q1,\u00a0 el piloto japon\u00e9s se qued\u00f3 en esta primera sesi\u00f3n clasificatoria. Bo Bedsneyder consigui\u00f3 alcanzar la posici\u00f3n 15 para la parrilla de salida del domingo en una Q2 marcada por la bandera roja debido a la lluvia.<\/p>\n<p>El domingo lleg\u00f3 y el piloto holand\u00e9s realiz\u00f3 una excepcional carrera consiguiendo una remontada hasta entrar en el top 10. Una carrera muy emocionante con batallas muy entretenidas para los ojos de los aficionados lleg\u00f3 a la bandera de cuadros con Bedsneyder en novena posici\u00f3n consiguiendo as\u00ed 7 puntos para el campeonato.<\/p>\n<p><strong>Bo Bendsneyder #64<\/strong><\/p>\n<p>\u201cFue una buena carrera, con grandes batallas hasta llegar al Top Ten. Tuve un buen comienzo, con buenas primeras vueltas. Luego, durante el transcurso de la carrera, me fue m\u00e1s dif\u00edcil adelantar, sufr\u00ed bastante al principio con la parte trasera, pero por otro lado fuimos fuertes hasta las \u00faltimas vueltas. Muy contento con mi Top Ten, quiero agradecer a mi equipo porque han hecho un trabajo excepcional para darme la mejor moto posible, sobre todo porque casi no hemos tenido tiempo de rodar con la pista seca. \u00a1No puedo esperar a la pr\u00f3xima carrera en Tailandia!\u201d<\/p>\n<p>El segundo piloto Hada tambi\u00e9n ha hecho un buen trabajo en su circuito local cruzando la l\u00ednea de meta en la 17\u00ba posici\u00f3n que aunque no se lleve puntos al final del fin de semana, refuerza su confianza de cara a las pr\u00f3ximas carreras.<\/p>\n<p>El pr\u00f3ximo fin de semana estos pilotos se volver\u00e1n a enfrentar en otro circuito asi\u00e1tico, Tailandia.<\/p>\n<p>&nbsp;<\/p>\n<p><img loading=\"lazy\" decoding=\"async\" class=\"aligncenter wp-image-51773 size-large\" src=\"https:\/\/isbsport.com\/wp-content\/uploads\/2022\/10\/Hada-Japon-1024x683.jpg\" alt=\"Hada ISB Sport\" width=\"1024\" height=\"683\" srcset=\"https:\/\/isbsport.com\/wp-content\/uploads\/2022\/10\/Hada-Japon-1024x683.jpg 1024w, https:\/\/isbsport.com\/wp-content\/uploads\/2022\/10\/Hada-Japon-300x200.jpg 300w, https:\/\/isbsport.com\/wp-content\/uploads\/2022\/10\/Hada-Japon-768x512.jpg 768w, https:\/\/isbsport.com\/wp-content\/uploads\/2022\/10\/Hada-Japon-700x467.jpg 700w, https:\/\/isbsport.com\/wp-content\/uploads\/2022\/10\/Hada-Japon-600x400.jpg 600w, https:\/\/isbsport.com\/wp-content\/uploads\/2022\/10\/Hada-Japon.jpg 1440w\" sizes=\"auto, (max-width: 1024px) 100vw, 1024px\" \/><\/p>\n<p>&nbsp;<\/p>\n","protected":false},"excerpt":{"rendered":"<p>Os dejamos con el resumen del GP de Jap\u00f3n donde el embajador de ISB Sport, Mandalika Pertamina SAG Team ha conseguido un buen\u00edsimo Top 10. \u00a1Han llegado las motos al GP de Jap\u00f3n! El campeonato de motociclismo ha aterrizado este fin de semana al circuito&#8230;<\/p>\n","protected":false},"author":13,"featured_media":51769,"comment_status":"open","ping_status":"open","sticky":false,"template":"","format":"standard","meta":{"footnotes":""},"categories":[534],"tags":[1532],"class_list":["post-52068","post","type-post","status-publish","format-standard","has-post-thumbnail","hentry","category-racing-motor-latam","tag-sag-racing-team-latam"],"_links":{"self":[{"href":"https:\/\/isbsport.com\/latam\/wp-json\/wp\/v2\/posts\/52068","targetHints":{"allow":["GET"]}}],"collection":[{"href":"https:\/\/isbsport.com\/latam\/wp-json\/wp\/v2\/posts"}],"about":[{"href":"https:\/\/isbsport.com\/latam\/wp-json\/wp\/v2\/types\/post"}],"author":[{"embeddable":true,"href":"https:\/\/isbsport.com\/latam\/wp-json\/wp\/v2\/users\/13"}],"replies":[{"embeddable":true,"href":"https:\/\/isbsport.com\/latam\/wp-json\/wp\/v2\/comments?post=52068"}],"version-history":[{"count":0,"href":"https:\/\/isbsport.com\/latam\/wp-json\/wp\/v2\/posts\/52068\/revisions"}],"wp:featuredmedia":[{"embeddable":true,"href":"https:\/\/isbsport.com\/latam\/wp-json\/wp\/v2\/media\/51769"}],"wp:attachment":[{"href":"https:\/\/isbsport.com\/latam\/wp-json\/wp\/v2\/media?parent=52068"}],"wp:term":[{"taxonomy":"category","embeddable":true,"href":"https:\/\/isbsport.com\/latam\/wp-json\/wp\/v2\/categories?post=52068"},{"taxonomy":"post_tag","embeddable":true,"href":"https:\/\/isbsport.com\/latam\/wp-json\/wp\/v2\/tags?post=52068"}],"curies":[{"name":"wp","href":"https:\/\/api.w.org\/{rel}","templated":true}]}}