{"id":52622,"date":"2022-11-07T10:42:26","date_gmt":"2022-11-07T09:42:26","guid":{"rendered":"https:\/\/isbsport.com\/cronica-gp-valencia-sag-team\/"},"modified":"2022-11-07T10:45:11","modified_gmt":"2022-11-07T09:45:11","slug":"gp-valencia","status":"publish","type":"post","link":"https:\/\/isbsport.com\/latam\/gp-valencia\/","title":{"rendered":"CR\u00d3NICA GP VALENCIA SAG TEAM"},"content":{"rendered":"<p><strong>Los embajadores de ISB Sport, Pertamina Mandalika SAG Racing Team, concluyen la temporada 2022 con un und\u00e9cimo lugar para el primer piloto del equipo, Bo Bednsneyder.<\/strong><\/p>\n<p>Lamentablemente ha llegado el final de esta emocionante temporada del campeonato del mundo de motociclismo. Como es habitual la \u00faltima carrera del mundial se disput\u00f3 en el circuito de Cheste, Ricardo Tormo, donde a lo largo de su historia se han vivido innumerables batallas por el t\u00edtulo. Este fin de semana se presentaba emocionante, los t\u00edtulos de Moto2 y MotoGP estaban en juego y los nervios estaban a flor de piel. Finalmente Francesco Bagnaia se hizo con el t\u00edtulo de MotoGP y Augusto Fern\u00e1ndez de Moto2 que pudieron celebrar el t\u00edtulo delante de m\u00e1s de 92.000 aficionados.<\/p>\n<p>Por lo que hace a los embajadores de ISB Sport, tuvieron un inicio de fin de semana dif\u00edcil haciendo que los dos pilotos tuvieran que pasar por Q1. Bendsneyder lider\u00f3 durante la primera tanda de tiempos pero no pudo mejorar su tiempo en los siguientes intentos por lo que no fue capaz de clasificar para Q2. Taiga Hada tambi\u00e9n se qued\u00f3 en esta sesi\u00f3n.<\/p>\n<p>Bendsneyder arrancaba la carrera en la posici\u00f3n 20 vi\u00e9ndose obligado a remontar para luchar por los puntos. Tras realizar una buena salida nuestro piloto luch\u00f3 por mantener la posici\u00f3n. Un toque en la segunda curva con otro piloto le relegaba a los \u00faltimos puestos, pero esto no impidi\u00f3 que Bendsneyder perdiera su ritmo de carrera. Finalmente el joven holand\u00e9s terminaba en la und\u00e9cima posici\u00f3n, concluyendo la temporada puntuando una vez m\u00e1s.<\/p>\n<p><strong>#64 Bo Bendsneyder<\/strong><br \/>\n\u201cHemos terminado la \u00faltima carrera de la temporada consiguiendo algunos puntos. Quiero agradecer a todo el equipo por el gran trabajo que han hecho esta temporada. Hemos aprendido mucho esta temporada y este aprendizaje nos servir\u00e1 mucho de cara al a\u00f1o que viene. Trabajar\u00e9 mucho de cara al a\u00f1o que viene durante la pretemporada \u00a1Nos vemos el a\u00f1o que viene!\u201d<\/p>\n<p>Hada pone punto y final a una temporada de aprendizaje en el Campeonato Mundial de Moto2 con una carrera luchada hasta la bandera de cuadros. El piloto japon\u00e9s comenz\u00f3 la carrera realizando una de sus mejores salidas en toda la temporada, logrando adelantar hasta ocho pilotos en la primera curva. Por desgracia los grandes esfuerzos de nuestro piloto se vieron truncados tras sufrir una ca\u00edda en el ecuador de la carrera, que le llev\u00f3 a pasar por boxes y volver a salir a pista completando la carrera en la vig\u00e9simo segunda plaza.<\/p>\n<p><strong>#29 Taiga Hada\u00a0<\/strong><br \/>\n\u201cMe he ca\u00eddo durante la carrera de hoy mientras rodaba en una buena posici\u00f3n. He vuelto al box y hemos podido finalizar la carrera. Quiero dar las gracias al equipo al completo, he sido muy feliz de haber trabajado con este equipo\u201d<\/p>\n<p>Esta carrera pone fin a la temporada y ya tenemos los ojos puestos en la pr\u00f3xima. Ya esperamos con ansias los test privados de Moto2 para poder escuchar de nuevo los motores rugir.<\/p>\n","protected":false},"excerpt":{"rendered":"<p>Los embajadores de ISB Sport, Pertamina Mandalika SAG Racing Team, concluyen la temporada 2022 con un und\u00e9cimo lugar para el primer piloto del equipo, Bo Bednsneyder. Lamentablemente ha llegado el final de esta emocionante temporada del campeonato del mundo de motociclismo. Como es habitual la&#8230;<\/p>\n","protected":false},"author":13,"featured_media":52619,"comment_status":"open","ping_status":"closed","sticky":false,"template":"","format":"standard","meta":{"footnotes":""},"categories":[534],"tags":[1532],"class_list":["post-52622","post","type-post","status-publish","format-standard","has-post-thumbnail","hentry","category-racing-motor-latam","tag-sag-racing-team-latam"],"_links":{"self":[{"href":"https:\/\/isbsport.com\/latam\/wp-json\/wp\/v2\/posts\/52622","targetHints":{"allow":["GET"]}}],"collection":[{"href":"https:\/\/isbsport.com\/latam\/wp-json\/wp\/v2\/posts"}],"about":[{"href":"https:\/\/isbsport.com\/latam\/wp-json\/wp\/v2\/types\/post"}],"author":[{"embeddable":true,"href":"https:\/\/isbsport.com\/latam\/wp-json\/wp\/v2\/users\/13"}],"replies":[{"embeddable":true,"href":"https:\/\/isbsport.com\/latam\/wp-json\/wp\/v2\/comments?post=52622"}],"version-history":[{"count":0,"href":"https:\/\/isbsport.com\/latam\/wp-json\/wp\/v2\/posts\/52622\/revisions"}],"wp:featuredmedia":[{"embeddable":true,"href":"https:\/\/isbsport.com\/latam\/wp-json\/wp\/v2\/media\/52619"}],"wp:attachment":[{"href":"https:\/\/isbsport.com\/latam\/wp-json\/wp\/v2\/media?parent=52622"}],"wp:term":[{"taxonomy":"category","embeddable":true,"href":"https:\/\/isbsport.com\/latam\/wp-json\/wp\/v2\/categories?post=52622"},{"taxonomy":"post_tag","embeddable":true,"href":"https:\/\/isbsport.com\/latam\/wp-json\/wp\/v2\/tags?post=52622"}],"curies":[{"name":"wp","href":"https:\/\/api.w.org\/{rel}","templated":true}]}}