{"id":52866,"date":"2022-12-05T10:50:12","date_gmt":"2022-12-05T09:50:12","guid":{"rendered":"https:\/\/isbsport.com\/debut-tom-sykes-kawasaki-puccetti-racing\/"},"modified":"2022-12-05T11:02:03","modified_gmt":"2022-12-05T10:02:03","slug":"debut-tom-sykes-kawasaki-puccetti-racing","status":"publish","type":"post","link":"https:\/\/isbsport.com\/latam\/debut-tom-sykes-kawasaki-puccetti-racing\/","title":{"rendered":"Debut de Tom Sykes en Kawasaki Puccetti Racing"},"content":{"rendered":"<p><strong>Kawasaki Puccetti Racing, embajador de ISB Sport, concluy\u00f3 hoy dos d\u00edas de pruebas en el circuito de Jerez de la Frontera en Espa\u00f1a con su piloto de Superbike Tom Sykes. <\/strong><\/p>\n<p>Aunque la lluvia condicion\u00f3 fuertemente estos d\u00edas de pruebas, el piloto ingl\u00e9s solo pudo subirse a su Ninja ZX-10RR el viernes por la tarde, a\u00fan con estas circunstancias el balance de las pruebas puede considerarse como positivo.<\/p>\n<p>Este primer contacto permiti\u00f3 al piloto ingl\u00e9s conocer a su nuevo equipo y empezar a trabajar en la adaptaci\u00f3n de su estilo de pilotaje a su nueva moto. El Campe\u00f3n del Mundo de Superbike 2013 pudo realizar un total de 35 vueltas, su mejor tiempo fue 1&#8217;40&#8243;949, un segundo m\u00e1s lento que el mejor tiempo del d\u00eda establecido por Jonathan Rea.<\/p>\n<p>El equipo mec\u00e1nico solo tuvo unas pocas horas para poder configurar nuevos embragues STM, nuevos dispositivos de frenos Brembo y nuevas llantas Marchesini, as\u00ed como a la adaptaci\u00f3n natural del sill\u00edn, los reposapi\u00e9s y los agarres a la posici\u00f3n de conducci\u00f3n de Sykes.<\/p>\n<p>La pr\u00f3xima prueba ver\u00e1 a Tom Sykes y Kawasaki Pucetti Racing de nuevo en la pista de Jerez a finales de enero.<\/p>\n<p><strong>Manuel Puccetti<\/strong><\/p>\n<p>&#8220;Desafortunadamente tuvimos que conformarnos con solo unas horas en las que la pista estaba seca, pero fueron suficientes para ser r\u00e1pidos de inmediato, y no muy lejos de los tiempos de vuelta de los pilotos oficiales de Kawasaki. El equipo y el piloto trabajaron muy bien juntos, y Tom se adapt\u00f3 r\u00e1pidamente a la electr\u00f3nica que no hab\u00eda usado durante m\u00e1s de un a\u00f1o. Nos las arreglamos para probar muchas cosas nuevas, que volveremos a probar a finales de enero aqu\u00ed en Jerez. El debut de Sykes sobre nuestra moto fue sin duda positivo, lo que entusiasm\u00f3 a todo el equipo&#8221;.<\/p>\n<p><strong>Tom Sykes<\/strong><\/p>\n<p>&#8220;Fue agradable estar en territorio familiar. \u00bfLa prueba en s\u00ed, honestamente? Estaba hablando con un amigo antes de la prueba y me pregunt\u00f3 mis expectativas. Le di mi respuesta, y superamos esa respuesta. Estoy muy feliz, para ser honesto, porque considerando todas las cosas, fue muy agradable trabajar con todo el equipo Kawasaki Puccetti Racing. Trat\u00e9 de entender algunos puntos clave. Desafortunadamente, hubo un poco de perturbaci\u00f3n por las condiciones de la pista. La prueba fue muy comprimida pero me sorprendi\u00f3 gratamente el resultado final. Desde aqu\u00ed sabemos que tenemos un plan claro. En general, sabemos d\u00f3nde podemos trabajar ahora. Estoy contento y con ganas de pasar m\u00e1s tiempo con el equipo y tiempo de pista con la moto en el pr\u00f3ximo test&#8221;.<\/p>\n<p>&nbsp;<\/p>\n<p><img loading=\"lazy\" decoding=\"async\" class=\"aligncenter wp-image-52859 size-large\" src=\"https:\/\/isbsport.com\/wp-content\/uploads\/2022\/12\/Puccetti-Racing-ISB-Sport-1024x557.jpg\" alt=\"Puccetti Racing ISB Sport\" width=\"1024\" height=\"557\" srcset=\"https:\/\/isbsport.com\/wp-content\/uploads\/2022\/12\/Puccetti-Racing-ISB-Sport-1024x557.jpg 1024w, https:\/\/isbsport.com\/wp-content\/uploads\/2022\/12\/Puccetti-Racing-ISB-Sport-300x163.jpg 300w, https:\/\/isbsport.com\/wp-content\/uploads\/2022\/12\/Puccetti-Racing-ISB-Sport-768x418.jpg 768w, https:\/\/isbsport.com\/wp-content\/uploads\/2022\/12\/Puccetti-Racing-ISB-Sport-1536x836.jpg 1536w, https:\/\/isbsport.com\/wp-content\/uploads\/2022\/12\/Puccetti-Racing-ISB-Sport-2048x1114.jpg 2048w, https:\/\/isbsport.com\/wp-content\/uploads\/2022\/12\/Puccetti-Racing-ISB-Sport-700x381.jpg 700w, https:\/\/isbsport.com\/wp-content\/uploads\/2022\/12\/Puccetti-Racing-ISB-Sport-600x326.jpg 600w\" sizes=\"auto, (max-width: 1024px) 100vw, 1024px\" \/><\/p>\n","protected":false},"excerpt":{"rendered":"<p>Kawasaki Puccetti Racing, embajador de ISB Sport, concluy\u00f3 hoy dos d\u00edas de pruebas en el circuito de Jerez de la Frontera en Espa\u00f1a con su piloto de Superbike Tom Sykes. Aunque la lluvia condicion\u00f3 fuertemente estos d\u00edas de pruebas, el piloto ingl\u00e9s solo pudo subirse&#8230;<\/p>\n","protected":false},"author":13,"featured_media":52858,"comment_status":"open","ping_status":"closed","sticky":false,"template":"","format":"standard","meta":{"footnotes":""},"categories":[534],"tags":[535],"class_list":["post-52866","post","type-post","status-publish","format-standard","has-post-thumbnail","hentry","category-racing-motor-latam","tag-kawasaki-puccetti-racing-team-latam"],"_links":{"self":[{"href":"https:\/\/isbsport.com\/latam\/wp-json\/wp\/v2\/posts\/52866","targetHints":{"allow":["GET"]}}],"collection":[{"href":"https:\/\/isbsport.com\/latam\/wp-json\/wp\/v2\/posts"}],"about":[{"href":"https:\/\/isbsport.com\/latam\/wp-json\/wp\/v2\/types\/post"}],"author":[{"embeddable":true,"href":"https:\/\/isbsport.com\/latam\/wp-json\/wp\/v2\/users\/13"}],"replies":[{"embeddable":true,"href":"https:\/\/isbsport.com\/latam\/wp-json\/wp\/v2\/comments?post=52866"}],"version-history":[{"count":0,"href":"https:\/\/isbsport.com\/latam\/wp-json\/wp\/v2\/posts\/52866\/revisions"}],"wp:featuredmedia":[{"embeddable":true,"href":"https:\/\/isbsport.com\/latam\/wp-json\/wp\/v2\/media\/52858"}],"wp:attachment":[{"href":"https:\/\/isbsport.com\/latam\/wp-json\/wp\/v2\/media?parent=52866"}],"wp:term":[{"taxonomy":"category","embeddable":true,"href":"https:\/\/isbsport.com\/latam\/wp-json\/wp\/v2\/categories?post=52866"},{"taxonomy":"post_tag","embeddable":true,"href":"https:\/\/isbsport.com\/latam\/wp-json\/wp\/v2\/tags?post=52866"}],"curies":[{"name":"wp","href":"https:\/\/api.w.org\/{rel}","templated":true}]}}