{"id":52920,"date":"2022-12-12T12:53:26","date_gmt":"2022-12-12T11:53:26","guid":{"rendered":"https:\/\/isbsport.com\/cronica-artiem-epic-cami-de-cavalls-360\/"},"modified":"2023-03-30T15:00:25","modified_gmt":"2023-03-30T14:00:25","slug":"cronica-artiem-epic-cami-de-cavalls-360","status":"publish","type":"post","link":"https:\/\/isbsport.com\/latam\/cronica-artiem-epic-cami-de-cavalls-360\/","title":{"rendered":"Cr\u00f3nica de la ARTIEM Epic Cam\u00ed de Cavalls 360\u00ba"},"content":{"rendered":"<p>El a\u00f1o pasado se hizo el primer intento de participar en la <a href=\"https:\/\/epic.camidecavalls360.com\/es\/\">Epic Cam\u00ed de Cavalls 360\u00ba<\/a>, pero las condiciones meteorol\u00f3gicas obligaron a cancelar las dos \u00faltimas. Este a\u00f1o el equipo Tradebike-ISB, formado por Ernesto Abad y Toni Amat pudo disfrutar de las tres etapas acompa\u00f1ados de una climatolog\u00eda perfecta.<\/p>\n<p><strong>La Prueba<\/strong><\/p>\n<p>Cam\u00ed de Cavalls 360\u00ba es una ruta que realiza la vuelta a la isla de Menorca por etapas a trav\u00e9s del GR 223, un sendero ancestral de 185 km que recorre la costa menorquina. Se realiza durante todo el a\u00f1o en un formato autoguiado y en tres posibles modalidades: Senderismo, Trail Running y BTT. En total m\u00e1s de 2.000 personas realizan la ruta al a\u00f1o lo que representa hasta 15.000 pernoctaciones en la isla, la gran mayor\u00eda lo realiza en 6-7 etapas y principalmente los meses de abril, junio, setiembre y octubre. El mes de noviembre se disputa en versi\u00f3n competici\u00f3n, la Epic Cam\u00ed de Cavalls 360\u00ba, en tres etapas ya sea en BTT, Trail Running o la modalidad Experience 360\u00ba. Una prueba muy exigente por su tecnicidad, a pesar de no contar con grandes desniveles, el terreno sobre el que se disputa es muy variado y complicado, va desde preciosas playas de arena blanca a pedregosos y \u00e1ridos senderos rocosos, y algunas zonas donde hay que cargar con la bici a cuestas. Todo ello con dos caracter\u00edsticas comunes: son muy bonitos y muy poco rodadores.<\/p>\n<p>Este a\u00f1o, la 8 edici\u00f3n el recorrido circuito presentaba varias novedades, la primera se realizaba toda la vuelta a la isla completa y la segunda se modificaba el orden de las etapas. Un total de 351 participantes entre BTT (187) y Trail Running (50) y Experience (114) de 14 nacionalidades diferentes (UK, Holanda, Alemanya, B\u00e8lgica, Pol\u00f2nia, Su\u00efssa, Canad\u00e0, Fran\u00e7a, Malta, Noruega, Sud\u00e0frica, EUA, Andorra y Espa\u00f1a) se enfrentaron al reto. Un total de 2.800 pernoctaciones en los hoteles Artiem, sponsor de la prueba.<\/p>\n<p><strong>Las etapas <\/strong><\/p>\n<p>La jornada arrancaba a las 6am con desayuno, y desplazamiento en autocar hasta el inicio de la etapa donde los participantes encontraron las bicis.<\/p>\n<p><strong>1\u00ba Etapa:<\/strong> Fue la secci\u00f3n m\u00e1s dura del recorrido, el exigente norte menorqu\u00edn, el famoso Mordor, con un recorrido de 68 km de distancia y 1.578 metros de desnivel entre el Cam\u00ed del Pilar y la base naval de Ma\u00f3. El d\u00eda empez\u00f3 con una leve llovizna que no llego a calar, dando paso a un cielo nuboso para finalizar con un d\u00eda soleado pero ventoso. Un total de 6 horas y 12 minutos de pedalear a una media de velocidad muy baja, pateando muchos tramos, pero con unos paisajes excepcionales.<\/p>\n<p><strong>2\u00ba Etapa<\/strong>: La segunda etapa transcurri\u00f3 por el sur de Menorca, entre Es Castell y Cala Galdana, a trav\u00e9s de un recorrido por los t\u00edpicos roquedales de piedra caliza y las largas playas de arena blanca, sin olvidarse de los caracter\u00edsticos barrancos cuyo relieve imprime car\u00e1cter a esta zona de la isla. En total, 54 km y 826 m. Una etapa que llev\u00f3 al equipo Tradebike-ISB un total de 4,43h donde hubo con una meteorolog\u00eda excepcional y unos paisajes extraordinarios.<\/p>\n<p><strong>3\u00ba Etapa<\/strong>: \u00daltima etapa entre el Cam\u00ed del Pilar y Cala Galdana. El recorrido de 62km y 780m de desnivel llev\u00f3 a descubrir la plataforma caliza que conforma el poniente de Menorca y el sur de Ciutadella; un inh\u00f3spito mar de rocas con vegetaci\u00f3n baja que oblig\u00f3 a los participantes a tirar de t\u00e9cnica y concentraci\u00f3n para evitar percances de \u00faltima hora. Probablemente la etapa m\u00e1s bonita y solitatia, con faros y acantilados preciosos, playas con caballos y un mar azul espectacular, para acabar con una \u00faltima zona de trialeras muy divertida. Un total de 5,17 horas.<\/p>\n<p><strong>La Experiencia <\/strong><\/p>\n<p>Es una prueba como hemos ido comentando dura y exigente, pero muy bonita, donde el reducido n\u00famero de participantes le da un aire muy familiar, pero a su vez la presencia de corredores de diferentes pa\u00edses le da un matiz internacional. El recorrido t\u00e9cnico con constantes puertas para abrir y zonas no ciclables crea una conexi\u00f3n entre los participantes y reina el buen ambiente y la solidaridad. Pero esa misma tecnicidad obliga a estar muy atento para no tener percances mec\u00e1nicos o ca\u00eddas, que con el suelo de cortantes rocas ser\u00eda un buen problema. La belleza de la isla y la tecnicidad de la carrera frena a la hora de correr, siendo preferible disfrutar de los paisajes y de la experiencia que apretar m\u00e1s para ganar alguna posici\u00f3n, lo cual hace disfrutar todav\u00eda m\u00e1s de la experiencia. Una carrera dura y diferente, de las m\u00e1s bonitas que el equipo Tradebike-ISB ha disputado, para apuntar en la agenda de 2023.<\/p>\n","protected":false},"excerpt":{"rendered":"<p>El a\u00f1o pasado se hizo el primer intento de participar en la Epic Cam\u00ed de Cavalls 360\u00ba, pero las condiciones meteorol\u00f3gicas obligaron a cancelar las dos \u00faltimas. Este a\u00f1o el equipo Tradebike-ISB, formado por Ernesto Abad y Toni Amat pudo disfrutar de las tres etapas&#8230;<\/p>\n","protected":false},"author":13,"featured_media":52917,"comment_status":"closed","ping_status":"open","sticky":false,"template":"","format":"standard","meta":{"footnotes":""},"categories":[524],"tags":[1615],"class_list":["post-52920","post","type-post","status-publish","format-standard","has-post-thumbnail","hentry","category-cycling-latam","tag-tradebike-latam"],"_links":{"self":[{"href":"https:\/\/isbsport.com\/latam\/wp-json\/wp\/v2\/posts\/52920","targetHints":{"allow":["GET"]}}],"collection":[{"href":"https:\/\/isbsport.com\/latam\/wp-json\/wp\/v2\/posts"}],"about":[{"href":"https:\/\/isbsport.com\/latam\/wp-json\/wp\/v2\/types\/post"}],"author":[{"embeddable":true,"href":"https:\/\/isbsport.com\/latam\/wp-json\/wp\/v2\/users\/13"}],"replies":[{"embeddable":true,"href":"https:\/\/isbsport.com\/latam\/wp-json\/wp\/v2\/comments?post=52920"}],"version-history":[{"count":0,"href":"https:\/\/isbsport.com\/latam\/wp-json\/wp\/v2\/posts\/52920\/revisions"}],"wp:featuredmedia":[{"embeddable":true,"href":"https:\/\/isbsport.com\/latam\/wp-json\/wp\/v2\/media\/52917"}],"wp:attachment":[{"href":"https:\/\/isbsport.com\/latam\/wp-json\/wp\/v2\/media?parent=52920"}],"wp:term":[{"taxonomy":"category","embeddable":true,"href":"https:\/\/isbsport.com\/latam\/wp-json\/wp\/v2\/categories?post=52920"},{"taxonomy":"post_tag","embeddable":true,"href":"https:\/\/isbsport.com\/latam\/wp-json\/wp\/v2\/tags?post=52920"}],"curies":[{"name":"wp","href":"https:\/\/api.w.org\/{rel}","templated":true}]}}