{"id":53900,"date":"2023-02-08T09:28:38","date_gmt":"2023-02-08T08:28:38","guid":{"rendered":"https:\/\/isbsport.com\/balance-temporada-22-23-aitor-hernandez\/"},"modified":"2023-03-30T14:42:52","modified_gmt":"2023-03-30T13:42:52","slug":"balance-temporada-22-23-aitor-hernandez","status":"publish","type":"post","link":"https:\/\/isbsport.com\/latam\/balance-temporada-22-23-aitor-hernandez\/","title":{"rendered":"Balance temporada 22\/23 de Aitor Hern\u00e1ndez"},"content":{"rendered":"<p style=\"text-align: justify\">Aitor Hern\u00e1ndez, embajador de ISB Sport, ha concluido la temporada 2022-23 de ciclocr\u00f3s con un bagaje m\u00e1s que notable, habiendo sumado 6 victorias y un total de 14 podios, manteniendo de esta forma su dominio en el calendario vasco, ratificado con la clasificaci\u00f3n general de la Challenge de la Federaci\u00f3n Vasca de Ciclismo. Con las de este invierno, Aitor Hern\u00e1ndez suma ya 131 victorias a lo largo de su carrera deportiva.<\/p>\n<p style=\"text-align: justify\">La temporada, que comenz\u00f3 en octubre en Gij\u00f3n y concluy\u00f3 a finales de enero en Bera, ha tenido una t\u00f3nica de absoluta regularidad. Con al menos una victoria en cada mes de competici\u00f3n, Aitor Hern\u00e1ndez ha estado a lo largo de los cuatro meses de temporada en posiciones delanteras en cada carrera disputada, incluyendo el top-10 en las cuatro carreras internacionales disputadas.<\/p>\n<p style=\"text-align: justify\">Declaraciones de Aitor Hern\u00e1ndez: \u00abHa sido una temporada muy buena para m\u00ed, mejor que las dos anteriores. He conseguido estar durante toda la temporada peleando por ganar, he conseguido bastantes victorias y podios y me he sentido muy bien y fresco en todo momento. Cada a\u00f1o hay m\u00e1s competencia y es m\u00e1s dif\u00edcil estar arriba, as\u00ed que no puedo estar m\u00e1s que satisfecho con c\u00f3mo han salido las cosas. Seguir ganando me da un plus de motivaci\u00f3n y confianza y me hace tener muchas ganas de seguir compitiendo y de seguir disfrutando\u00bb.<\/p>\n<p style=\"text-align: justify\">\u201cEl apoyo de mis patrocinadores ha sido clave un a\u00f1o m\u00e1s y estoy muy orgulloso de llevar el nombre del Ayuntamiento de Ermua por toda la geograf\u00eda. Este a\u00f1o he competido con ropa Zaiklin y estoy muy contento por la calidad de sus productos. Tambi\u00e9n quiero agradecer su apoyo y colaboraci\u00f3n a ISB Sport, porque me permiten estar donde estoy\u201d.<\/p>\n","protected":false},"excerpt":{"rendered":"<p>Aitor Hern\u00e1ndez, embajador de ISB Sport, ha concluido la temporada 2022-23 de ciclocr\u00f3s con un bagaje m\u00e1s que notable, habiendo sumado 6 victorias y un total de 14 podios, manteniendo de esta forma su dominio en el calendario vasco, ratificado con la clasificaci\u00f3n general de&#8230;<\/p>\n","protected":false},"author":13,"featured_media":53897,"comment_status":"closed","ping_status":"open","sticky":false,"template":"","format":"standard","meta":{"footnotes":""},"categories":[524],"tags":[1552],"class_list":["post-53900","post","type-post","status-publish","format-standard","has-post-thumbnail","hentry","category-cycling-latam","tag-aitor-hernandez-latam"],"_links":{"self":[{"href":"https:\/\/isbsport.com\/latam\/wp-json\/wp\/v2\/posts\/53900","targetHints":{"allow":["GET"]}}],"collection":[{"href":"https:\/\/isbsport.com\/latam\/wp-json\/wp\/v2\/posts"}],"about":[{"href":"https:\/\/isbsport.com\/latam\/wp-json\/wp\/v2\/types\/post"}],"author":[{"embeddable":true,"href":"https:\/\/isbsport.com\/latam\/wp-json\/wp\/v2\/users\/13"}],"replies":[{"embeddable":true,"href":"https:\/\/isbsport.com\/latam\/wp-json\/wp\/v2\/comments?post=53900"}],"version-history":[{"count":0,"href":"https:\/\/isbsport.com\/latam\/wp-json\/wp\/v2\/posts\/53900\/revisions"}],"wp:featuredmedia":[{"embeddable":true,"href":"https:\/\/isbsport.com\/latam\/wp-json\/wp\/v2\/media\/53897"}],"wp:attachment":[{"href":"https:\/\/isbsport.com\/latam\/wp-json\/wp\/v2\/media?parent=53900"}],"wp:term":[{"taxonomy":"category","embeddable":true,"href":"https:\/\/isbsport.com\/latam\/wp-json\/wp\/v2\/categories?post=53900"},{"taxonomy":"post_tag","embeddable":true,"href":"https:\/\/isbsport.com\/latam\/wp-json\/wp\/v2\/tags?post=53900"}],"curies":[{"name":"wp","href":"https:\/\/api.w.org\/{rel}","templated":true}]}}