{"id":57064,"date":"2023-06-05T09:27:42","date_gmt":"2023-06-05T08:27:42","guid":{"rendered":"https:\/\/isbsport.com\/cronica-ronda-5-kawasaki-puccetti-racing\/"},"modified":"2023-06-05T09:27:42","modified_gmt":"2023-06-05T08:27:42","slug":"cronica-ronda-5-kawasaki-puccetti-racing","status":"publish","type":"post","link":"https:\/\/isbsport.com\/latam\/cronica-ronda-5-kawasaki-puccetti-racing\/","title":{"rendered":"CR\u00d3NICA RONDA 5 KAWASAKI PUCCETTI RACING"},"content":{"rendered":"<p>Ayer fue el tercer y \u00faltimo d\u00eda del quinto Campeonato Mundial de Superbikes en el Circuito Mundial de Misano que se desarroll\u00f3 bajo el ardiente sol italiano. Esta fue la primera ronda en casa para Kawasaki Puccetti Racing, la oportunidad ideal para que el personal se reuniera con patrocinadores y seguidores y presentara una decoraci\u00f3n especial dedicada al patrocinador hist\u00f3rico ELF.<\/p>\n<p>Tito Rabat volvi\u00f3 a montar en la Ninja del equipo italiano y trabaj\u00f3 con su personal t\u00e9cnico para recuperar la confianza con la moto. El s\u00e1bado, habiendo calificado vig\u00e9simo segundo en la Superpole, el espa\u00f1ol termin\u00f3 la carrera 1 en la decimonovena posici\u00f3n.<\/p>\n<p>Domingo por la ma\u00f1ana volvi\u00f3 a salir para la Carrera Superpole, que se disputa con una distancia de solo diez vueltas. Desafortunadamente, Tito no tuvo el mejor comienzo y se encontr\u00f3 al final del pelot\u00f3n en las primeras etapas. El espa\u00f1ol luego encontr\u00f3 un buen ritmo y escal\u00f3 hasta el decimosexto lugar, momento en el que la carrera se suspendi\u00f3 prematuramente con la bandera roja, debido a un accidente.<\/p>\n<p>La carrera 2 se disput\u00f3 por la tarde, pero desafortunadamente no dur\u00f3 mucho para el piloto de Kawasaki Puccetti Racing, quien se vio obligado a retirarse despu\u00e9s de que se rompiera la cadena de su moto. Un contratiempo bastante inusual, y algo que el equipo italiano nunca hab\u00eda experimentado hasta ahora.<\/p>\n<p><strong>#53 Tito Rabat<\/strong><\/p>\n<p>\u201cTuvimos mala suerte hoy porque es realmente extra\u00f1o que la cadena se rompa en la primera vuelta. A pesar del resultado negativo en la carrera 2, en general fue un fin de semana positivo porque me sent\u00ed cada vez m\u00e1s c\u00f3modo en la moto, hice tres buenas salidas y estoy seguro de que, sin este problema esta tarde, podr\u00edamos haber llegado al podio, especialmente porque mi ritmo en la carrera sprint ya era m\u00e1s fuerte que en la carrera de ayer. Ahora pasamos la p\u00e1gina y nos enfocamos en la pr\u00f3xima ronda en Donington, que sin duda ir\u00e1 mejor\u201d<\/p>\n","protected":false},"excerpt":{"rendered":"<p>Ayer fue el tercer y \u00faltimo d\u00eda del quinto Campeonato Mundial de Superbikes en el Circuito Mundial de Misano que se desarroll\u00f3 bajo el ardiente sol italiano. Esta fue la primera ronda en casa para Kawasaki Puccetti Racing, la oportunidad ideal para que el personal&#8230;<\/p>\n","protected":false},"author":13,"featured_media":57061,"comment_status":"closed","ping_status":"closed","sticky":false,"template":"","format":"standard","meta":{"footnotes":""},"categories":[534],"tags":[535],"class_list":["post-57064","post","type-post","status-publish","format-standard","has-post-thumbnail","hentry","category-racing-motor-latam","tag-kawasaki-puccetti-racing-team-latam"],"_links":{"self":[{"href":"https:\/\/isbsport.com\/latam\/wp-json\/wp\/v2\/posts\/57064","targetHints":{"allow":["GET"]}}],"collection":[{"href":"https:\/\/isbsport.com\/latam\/wp-json\/wp\/v2\/posts"}],"about":[{"href":"https:\/\/isbsport.com\/latam\/wp-json\/wp\/v2\/types\/post"}],"author":[{"embeddable":true,"href":"https:\/\/isbsport.com\/latam\/wp-json\/wp\/v2\/users\/13"}],"replies":[{"embeddable":true,"href":"https:\/\/isbsport.com\/latam\/wp-json\/wp\/v2\/comments?post=57064"}],"version-history":[{"count":0,"href":"https:\/\/isbsport.com\/latam\/wp-json\/wp\/v2\/posts\/57064\/revisions"}],"wp:featuredmedia":[{"embeddable":true,"href":"https:\/\/isbsport.com\/latam\/wp-json\/wp\/v2\/media\/57061"}],"wp:attachment":[{"href":"https:\/\/isbsport.com\/latam\/wp-json\/wp\/v2\/media?parent=57064"}],"wp:term":[{"taxonomy":"category","embeddable":true,"href":"https:\/\/isbsport.com\/latam\/wp-json\/wp\/v2\/categories?post=57064"},{"taxonomy":"post_tag","embeddable":true,"href":"https:\/\/isbsport.com\/latam\/wp-json\/wp\/v2\/tags?post=57064"}],"curies":[{"name":"wp","href":"https:\/\/api.w.org\/{rel}","templated":true}]}}