{"id":57115,"date":"2023-06-01T10:05:41","date_gmt":"2023-06-01T09:05:41","guid":{"rendered":"https:\/\/isbsport.com\/mayo-en-imagenes\/"},"modified":"2023-06-08T11:13:57","modified_gmt":"2023-06-08T10:13:57","slug":"mayo-en-imagenes","status":"publish","type":"post","link":"https:\/\/isbsport.com\/latam\/mayo-en-imagenes\/","title":{"rendered":"MAYO EN IM\u00c1GENES"},"content":{"rendered":"<p style=\"text-align: center\"><strong>\u00a1Acabamos el mes de mayo con la recopilaci\u00f3n de las im\u00e1genes que los embajadores de ISB Sport han compartido en redes sociales!<\/strong><\/p>\n<p>&nbsp;<\/p>\n<p><img loading=\"lazy\" decoding=\"async\" class=\"aligncenter wp-image-57080 size-large\" src=\"https:\/\/isbsport.com\/wp-content\/uploads\/2023\/06\/347723804_928406231548639_2276919283709635913_n-1024x683.jpg\" alt=\"\" width=\"1024\" height=\"683\" srcset=\"https:\/\/isbsport.com\/wp-content\/uploads\/2023\/06\/347723804_928406231548639_2276919283709635913_n-1024x683.jpg 1024w, https:\/\/isbsport.com\/wp-content\/uploads\/2023\/06\/347723804_928406231548639_2276919283709635913_n-300x200.jpg 300w, https:\/\/isbsport.com\/wp-content\/uploads\/2023\/06\/347723804_928406231548639_2276919283709635913_n-768x512.jpg 768w, https:\/\/isbsport.com\/wp-content\/uploads\/2023\/06\/347723804_928406231548639_2276919283709635913_n-700x467.jpg 700w, https:\/\/isbsport.com\/wp-content\/uploads\/2023\/06\/347723804_928406231548639_2276919283709635913_n-600x400.jpg 600w, https:\/\/isbsport.com\/wp-content\/uploads\/2023\/06\/347723804_928406231548639_2276919283709635913_n.jpg 1080w\" sizes=\"auto, (max-width: 1024px) 100vw, 1024px\" \/><\/p>\n<p style=\"text-align: center\">Sergio Mantec\u00f3n del <a href=\"https:\/\/www.instagram.com\/scottcalabandida\/\">Scott Cala Bandida<\/a> campe\u00f3n de Espa\u00f1a de XCM<\/p>\n<p><img loading=\"lazy\" decoding=\"async\" class=\"aligncenter wp-image-55496 size-large\" src=\"https:\/\/isbsport.com\/wp-content\/uploads\/2023\/05\/unnamed-2-2-1024x683.jpg\" alt=\"Bou ISB Sport\" width=\"1024\" height=\"683\" srcset=\"https:\/\/isbsport.com\/wp-content\/uploads\/2023\/05\/unnamed-2-2-1024x683.jpg 1024w, https:\/\/isbsport.com\/wp-content\/uploads\/2023\/05\/unnamed-2-2-300x200.jpg 300w, https:\/\/isbsport.com\/wp-content\/uploads\/2023\/05\/unnamed-2-2-768x512.jpg 768w, https:\/\/isbsport.com\/wp-content\/uploads\/2023\/05\/unnamed-2-2-1536x1024.jpg 1536w, https:\/\/isbsport.com\/wp-content\/uploads\/2023\/05\/unnamed-2-2-2048x1365.jpg 2048w, https:\/\/isbsport.com\/wp-content\/uploads\/2023\/05\/unnamed-2-2-700x467.jpg 700w, https:\/\/isbsport.com\/wp-content\/uploads\/2023\/05\/unnamed-2-2-600x400.jpg 600w\" sizes=\"auto, (max-width: 1024px) 100vw, 1024px\" \/><\/p>\n<p style=\"text-align: center\">Roberto Bou del equipo <a href=\"https:\/\/www.instagram.com\/cannondalevasarabay\/\">Cannondale VAS Arabay<\/a> gana la Titan Desert<\/p>\n<p>&nbsp;<\/p>\n<p><img loading=\"lazy\" decoding=\"async\" class=\"aligncenter wp-image-57076 size-large\" src=\"https:\/\/isbsport.com\/wp-content\/uploads\/2023\/06\/344572146_6507770689241444_7372284887214538244_n-1-840x1024.jpg\" alt=\"\" width=\"840\" height=\"1024\" srcset=\"https:\/\/isbsport.com\/wp-content\/uploads\/2023\/06\/344572146_6507770689241444_7372284887214538244_n-1-840x1024.jpg 840w, https:\/\/isbsport.com\/wp-content\/uploads\/2023\/06\/344572146_6507770689241444_7372284887214538244_n-1-246x300.jpg 246w, https:\/\/isbsport.com\/wp-content\/uploads\/2023\/06\/344572146_6507770689241444_7372284887214538244_n-1-768x936.jpg 768w, https:\/\/isbsport.com\/wp-content\/uploads\/2023\/06\/344572146_6507770689241444_7372284887214538244_n-1-700x853.jpg 700w, https:\/\/isbsport.com\/wp-content\/uploads\/2023\/06\/344572146_6507770689241444_7372284887214538244_n-1-600x731.jpg 600w, https:\/\/isbsport.com\/wp-content\/uploads\/2023\/06\/344572146_6507770689241444_7372284887214538244_n-1.jpg 1080w\" sizes=\"auto, (max-width: 840px) 100vw, 840px\" \/><\/p>\n<p style=\"text-align: center\"><a href=\"https:\/\/www.instagram.com\/josepbetalu\/\">Josep Betal\u00fa<\/a> ganando la \u00faltima etapa de la Titan Desert, segundo puesto en la general<\/p>\n<p>&nbsp;<\/p>\n<p><img loading=\"lazy\" decoding=\"async\" class=\"aligncenter wp-image-57088 size-large\" src=\"https:\/\/isbsport.com\/wp-content\/uploads\/2023\/06\/347095924_551449660517631_3235164633053312477_n-1024x682.jpg\" alt=\"\" width=\"1024\" height=\"682\" srcset=\"https:\/\/isbsport.com\/wp-content\/uploads\/2023\/06\/347095924_551449660517631_3235164633053312477_n-1024x682.jpg 1024w, https:\/\/isbsport.com\/wp-content\/uploads\/2023\/06\/347095924_551449660517631_3235164633053312477_n-300x200.jpg 300w, https:\/\/isbsport.com\/wp-content\/uploads\/2023\/06\/347095924_551449660517631_3235164633053312477_n-768x511.jpg 768w, https:\/\/isbsport.com\/wp-content\/uploads\/2023\/06\/347095924_551449660517631_3235164633053312477_n-700x466.jpg 700w, https:\/\/isbsport.com\/wp-content\/uploads\/2023\/06\/347095924_551449660517631_3235164633053312477_n-600x399.jpg 600w, https:\/\/isbsport.com\/wp-content\/uploads\/2023\/06\/347095924_551449660517631_3235164633053312477_n.jpg 1080w\" sizes=\"auto, (max-width: 1024px) 100vw, 1024px\" \/><\/p>\n<p style=\"text-align: center\"><a href=\"https:\/\/www.instagram.com\/patxi_cia\/\">Patxi Cia<\/a> en la Rioja Bike Race<\/p>\n<p>&nbsp;<\/p>\n<p><img loading=\"lazy\" decoding=\"async\" class=\"aligncenter wp-image-57096 size-large\" src=\"https:\/\/isbsport.com\/wp-content\/uploads\/2023\/06\/350093918_975650390555400_1529245764232318085_n-1024x1024.jpg\" alt=\"\" width=\"1024\" height=\"1024\" srcset=\"https:\/\/isbsport.com\/wp-content\/uploads\/2023\/06\/350093918_975650390555400_1529245764232318085_n-1024x1024.jpg 1024w, https:\/\/isbsport.com\/wp-content\/uploads\/2023\/06\/350093918_975650390555400_1529245764232318085_n-300x300.jpg 300w, https:\/\/isbsport.com\/wp-content\/uploads\/2023\/06\/350093918_975650390555400_1529245764232318085_n-150x150.jpg 150w, https:\/\/isbsport.com\/wp-content\/uploads\/2023\/06\/350093918_975650390555400_1529245764232318085_n-768x768.jpg 768w, https:\/\/isbsport.com\/wp-content\/uploads\/2023\/06\/350093918_975650390555400_1529245764232318085_n-100x100.jpg 100w, https:\/\/isbsport.com\/wp-content\/uploads\/2023\/06\/350093918_975650390555400_1529245764232318085_n-570x570.jpg 570w, https:\/\/isbsport.com\/wp-content\/uploads\/2023\/06\/350093918_975650390555400_1529245764232318085_n-500x500.jpg 500w, https:\/\/isbsport.com\/wp-content\/uploads\/2023\/06\/350093918_975650390555400_1529245764232318085_n-1000x1000.jpg 1000w, https:\/\/isbsport.com\/wp-content\/uploads\/2023\/06\/350093918_975650390555400_1529245764232318085_n-700x700.jpg 700w, https:\/\/isbsport.com\/wp-content\/uploads\/2023\/06\/350093918_975650390555400_1529245764232318085_n-600x600.jpg 600w, https:\/\/isbsport.com\/wp-content\/uploads\/2023\/06\/350093918_975650390555400_1529245764232318085_n.jpg 1080w\" sizes=\"auto, (max-width: 1024px) 100vw, 1024px\" \/><\/p>\n<p style=\"text-align: center\"><a href=\"https:\/\/www.instagram.com\/patxi_peula\/\">Patxi Peula<\/a> gana en el campeonato de Espa\u00f1a de marat\u00f3n<\/p>\n<p>&nbsp;<\/p>\n<p><img loading=\"lazy\" decoding=\"async\" class=\"aligncenter wp-image-55410 size-large\" src=\"https:\/\/isbsport.com\/wp-content\/uploads\/2023\/05\/CPA-Girona-Europa-ISB-Sport-1024x557.jpg\" alt=\"CPA Girona Europa ISB Sport\" width=\"1024\" height=\"557\" srcset=\"https:\/\/isbsport.com\/wp-content\/uploads\/2023\/05\/CPA-Girona-Europa-ISB-Sport-1024x557.jpg 1024w, https:\/\/isbsport.com\/wp-content\/uploads\/2023\/05\/CPA-Girona-Europa-ISB-Sport-300x163.jpg 300w, https:\/\/isbsport.com\/wp-content\/uploads\/2023\/05\/CPA-Girona-Europa-ISB-Sport-768x418.jpg 768w, https:\/\/isbsport.com\/wp-content\/uploads\/2023\/05\/CPA-Girona-Europa-ISB-Sport-1536x836.jpg 1536w, https:\/\/isbsport.com\/wp-content\/uploads\/2023\/05\/CPA-Girona-Europa-ISB-Sport-2048x1114.jpg 2048w, https:\/\/isbsport.com\/wp-content\/uploads\/2023\/05\/CPA-Girona-Europa-ISB-Sport-700x381.jpg 700w, https:\/\/isbsport.com\/wp-content\/uploads\/2023\/05\/CPA-Girona-Europa-ISB-Sport-600x326.jpg 600w\" sizes=\"auto, (max-width: 1024px) 100vw, 1024px\" \/><\/p>\n<p style=\"text-align: center\"><a href=\"https:\/\/www.instagram.com\/cpagirona\/\">CPA Girona<\/a> campeonas de Europa<\/p>\n<p>&nbsp;<\/p>\n<p><img loading=\"lazy\" decoding=\"async\" class=\"aligncenter wp-image-57100 size-large\" src=\"https:\/\/isbsport.com\/wp-content\/uploads\/2023\/06\/351427825_294541349666758_8303180811029595482_n-1024x577.jpg\" alt=\"Liceo ISB Sport\" width=\"1024\" height=\"577\" srcset=\"https:\/\/isbsport.com\/wp-content\/uploads\/2023\/06\/351427825_294541349666758_8303180811029595482_n-1024x577.jpg 1024w, https:\/\/isbsport.com\/wp-content\/uploads\/2023\/06\/351427825_294541349666758_8303180811029595482_n-300x169.jpg 300w, https:\/\/isbsport.com\/wp-content\/uploads\/2023\/06\/351427825_294541349666758_8303180811029595482_n-768x433.jpg 768w, https:\/\/isbsport.com\/wp-content\/uploads\/2023\/06\/351427825_294541349666758_8303180811029595482_n-700x395.jpg 700w, https:\/\/isbsport.com\/wp-content\/uploads\/2023\/06\/351427825_294541349666758_8303180811029595482_n-539x303.jpg 539w, https:\/\/isbsport.com\/wp-content\/uploads\/2023\/06\/351427825_294541349666758_8303180811029595482_n-600x338.jpg 600w, https:\/\/isbsport.com\/wp-content\/uploads\/2023\/06\/351427825_294541349666758_8303180811029595482_n.jpg 1440w\" sizes=\"auto, (max-width: 1024px) 100vw, 1024px\" \/><\/p>\n<p style=\"text-align: center\">El <a href=\"https:\/\/www.instagram.com\/hcliceo\/\">Deportivo Liceo<\/a> en los Playoffs de la Liga OK<\/p>\n<p>&nbsp;<\/p>\n<p><img loading=\"lazy\" decoding=\"async\" class=\"aligncenter wp-image-57104 size-full\" src=\"https:\/\/isbsport.com\/wp-content\/uploads\/2023\/06\/348214637_243730061670193_3451416454229483669_n.jpg\" alt=\"Carlos Tatay ISB Sport\" width=\"1024\" height=\"683\" srcset=\"https:\/\/isbsport.com\/wp-content\/uploads\/2023\/06\/348214637_243730061670193_3451416454229483669_n.jpg 1024w, https:\/\/isbsport.com\/wp-content\/uploads\/2023\/06\/348214637_243730061670193_3451416454229483669_n-300x200.jpg 300w, https:\/\/isbsport.com\/wp-content\/uploads\/2023\/06\/348214637_243730061670193_3451416454229483669_n-768x512.jpg 768w, https:\/\/isbsport.com\/wp-content\/uploads\/2023\/06\/348214637_243730061670193_3451416454229483669_n-700x467.jpg 700w, https:\/\/isbsport.com\/wp-content\/uploads\/2023\/06\/348214637_243730061670193_3451416454229483669_n-600x400.jpg 600w\" sizes=\"auto, (max-width: 1024px) 100vw, 1024px\" \/><\/p>\n<p style=\"text-align: center\">Tercera posici\u00f3n para Carlos Tatay en el circuito de Valencia del Junior GP con <a href=\"https:\/\/www.instagram.com\/sagracingteam\/\">Pertamina Mandalika SAG Team<\/a><\/p>\n<p>&nbsp;<\/p>\n<p><img loading=\"lazy\" decoding=\"async\" class=\"aligncenter wp-image-56559 size-full\" src=\"https:\/\/isbsport.com\/wp-content\/uploads\/2023\/06\/unnamed-3.jpg\" alt=\"Tito Rabat ISB Sport\" width=\"1000\" height=\"667\" srcset=\"https:\/\/isbsport.com\/wp-content\/uploads\/2023\/06\/unnamed-3.jpg 1000w, https:\/\/isbsport.com\/wp-content\/uploads\/2023\/06\/unnamed-3-300x200.jpg 300w, https:\/\/isbsport.com\/wp-content\/uploads\/2023\/06\/unnamed-3-768x512.jpg 768w, https:\/\/isbsport.com\/wp-content\/uploads\/2023\/06\/unnamed-3-700x467.jpg 700w, https:\/\/isbsport.com\/wp-content\/uploads\/2023\/06\/unnamed-3-600x400.jpg 600w\" sizes=\"auto, (max-width: 1000px) 100vw, 1000px\" \/><\/p>\n<p style=\"text-align: center\">Tito Rabat firma con <a href=\"https:\/\/www.instagram.com\/puccettiracing\/\">Kawasaki Puccetti Racing<\/a><\/p>\n<p>&nbsp;<\/p>\n","protected":false},"excerpt":{"rendered":"<p>\u00a1Acabamos el mes de mayo con la recopilaci\u00f3n de las im\u00e1genes que los embajadores de ISB Sport han compartido en redes sociales! &nbsp; Sergio Mantec\u00f3n del Scott Cala Bandida campe\u00f3n de Espa\u00f1a de XCM Roberto Bou del equipo Cannondale VAS Arabay gana la Titan Desert&#8230;<\/p>\n","protected":false},"author":13,"featured_media":57111,"comment_status":"closed","ping_status":"closed","sticky":false,"template":"","format":"standard","meta":{"footnotes":""},"categories":[524,534,529],"tags":[526,1567,530,1428,535,1476,531,1532,1429],"class_list":["post-57115","post","type-post","status-publish","format-standard","has-post-thumbnail","hentry","category-cycling-latam","category-racing-motor-latam","category-roller-latam","tag-cannondale-vas-arabay-latam","tag-club-patinaje-artistico-girona-latam","tag-deportivo-liceo-hockey-club-latam","tag-josep-betalu-latam","tag-kawasaki-puccetti-racing-team-latam","tag-patxi-cia-latam","tag-patxi-peula-latam","tag-sag-racing-team-latam","tag-scott-cala-bandida-latam"],"_links":{"self":[{"href":"https:\/\/isbsport.com\/latam\/wp-json\/wp\/v2\/posts\/57115","targetHints":{"allow":["GET"]}}],"collection":[{"href":"https:\/\/isbsport.com\/latam\/wp-json\/wp\/v2\/posts"}],"about":[{"href":"https:\/\/isbsport.com\/latam\/wp-json\/wp\/v2\/types\/post"}],"author":[{"embeddable":true,"href":"https:\/\/isbsport.com\/latam\/wp-json\/wp\/v2\/users\/13"}],"replies":[{"embeddable":true,"href":"https:\/\/isbsport.com\/latam\/wp-json\/wp\/v2\/comments?post=57115"}],"version-history":[{"count":0,"href":"https:\/\/isbsport.com\/latam\/wp-json\/wp\/v2\/posts\/57115\/revisions"}],"wp:featuredmedia":[{"embeddable":true,"href":"https:\/\/isbsport.com\/latam\/wp-json\/wp\/v2\/media\/57111"}],"wp:attachment":[{"href":"https:\/\/isbsport.com\/latam\/wp-json\/wp\/v2\/media?parent=57115"}],"wp:term":[{"taxonomy":"category","embeddable":true,"href":"https:\/\/isbsport.com\/latam\/wp-json\/wp\/v2\/categories?post=57115"},{"taxonomy":"post_tag","embeddable":true,"href":"https:\/\/isbsport.com\/latam\/wp-json\/wp\/v2\/tags?post=57115"}],"curies":[{"name":"wp","href":"https:\/\/api.w.org\/{rel}","templated":true}]}}