{"id":60794,"date":"2024-06-25T12:07:14","date_gmt":"2024-06-25T11:07:14","guid":{"rendered":"https:\/\/isbsport.com\/medalla-de-plata-para-sofia-alvarez-del-pozo-en-eslalon-junior-en-el-campeonato-de-europa\/"},"modified":"2024-06-25T12:07:14","modified_gmt":"2024-06-25T11:07:14","slug":"medalla-de-plata-para-sofia-alvarez-del-pozo-en-eslalon-junior-en-el-campeonato-de-europa","status":"publish","type":"post","link":"https:\/\/isbsport.com\/latam\/medalla-de-plata-para-sofia-alvarez-del-pozo-en-eslalon-junior-en-el-campeonato-de-europa\/","title":{"rendered":"Medalla de plata para Sof\u00eda \u00c1lvarez del Pozo En eslalon junior en el Campeonato de Europa"},"content":{"rendered":"<p>La competici\u00f3n se disput\u00f3 el pasado fin de semana en Hergiswil-Beckenried, Suiza.<\/p>\n<p><img loading=\"lazy\" decoding=\"async\" class=\"aligncenter wp-image-60784 size-large\" src=\"https:\/\/isbsport.com\/wp-content\/uploads\/2024\/06\/aa-819x1024.jpg\" alt=\"\" width=\"819\" height=\"1024\" srcset=\"https:\/\/isbsport.com\/wp-content\/uploads\/2024\/06\/aa-819x1024.jpg 819w, https:\/\/isbsport.com\/wp-content\/uploads\/2024\/06\/aa-240x300.jpg 240w, https:\/\/isbsport.com\/wp-content\/uploads\/2024\/06\/aa-768x960.jpg 768w, https:\/\/isbsport.com\/wp-content\/uploads\/2024\/06\/aa-700x875.jpg 700w, https:\/\/isbsport.com\/wp-content\/uploads\/2024\/06\/aa-600x750.jpg 600w, https:\/\/isbsport.com\/wp-content\/uploads\/2024\/06\/aa-48x60.jpg 48w, https:\/\/isbsport.com\/wp-content\/uploads\/2024\/06\/aa-72x90.jpg 72w, https:\/\/isbsport.com\/wp-content\/uploads\/2024\/06\/aa.jpg 1080w\" sizes=\"auto, (max-width: 819px) 100vw, 819px\" \/><\/p>\n","protected":false},"excerpt":{"rendered":"<p>La competici\u00f3n se disput\u00f3 el pasado fin de semana en Hergiswil-Beckenried, Suiza.<\/p>\n","protected":false},"author":13,"featured_media":60791,"comment_status":"closed","ping_status":"closed","sticky":false,"template":"","format":"standard","meta":{"footnotes":""},"categories":[529],"tags":[1545],"class_list":["post-60794","post","type-post","status-publish","format-standard","has-post-thumbnail","hentry","category-roller-latam","tag-seleccion-espanola-patinaje-alpino-latam"],"_links":{"self":[{"href":"https:\/\/isbsport.com\/latam\/wp-json\/wp\/v2\/posts\/60794","targetHints":{"allow":["GET"]}}],"collection":[{"href":"https:\/\/isbsport.com\/latam\/wp-json\/wp\/v2\/posts"}],"about":[{"href":"https:\/\/isbsport.com\/latam\/wp-json\/wp\/v2\/types\/post"}],"author":[{"embeddable":true,"href":"https:\/\/isbsport.com\/latam\/wp-json\/wp\/v2\/users\/13"}],"replies":[{"embeddable":true,"href":"https:\/\/isbsport.com\/latam\/wp-json\/wp\/v2\/comments?post=60794"}],"version-history":[{"count":0,"href":"https:\/\/isbsport.com\/latam\/wp-json\/wp\/v2\/posts\/60794\/revisions"}],"wp:featuredmedia":[{"embeddable":true,"href":"https:\/\/isbsport.com\/latam\/wp-json\/wp\/v2\/media\/60791"}],"wp:attachment":[{"href":"https:\/\/isbsport.com\/latam\/wp-json\/wp\/v2\/media?parent=60794"}],"wp:term":[{"taxonomy":"category","embeddable":true,"href":"https:\/\/isbsport.com\/latam\/wp-json\/wp\/v2\/categories?post=60794"},{"taxonomy":"post_tag","embeddable":true,"href":"https:\/\/isbsport.com\/latam\/wp-json\/wp\/v2\/tags?post=60794"}],"curies":[{"name":"wp","href":"https:\/\/api.w.org\/{rel}","templated":true}]}}