{"id":60915,"date":"2024-06-30T09:02:01","date_gmt":"2024-06-30T08:02:01","guid":{"rendered":"https:\/\/isbsport.com\/victoria-de-felipe-orts-en-cervera-del-maestre\/"},"modified":"2024-06-30T09:02:01","modified_gmt":"2024-06-30T08:02:01","slug":"victoria-de-felipe-orts-en-cervera-del-maestre","status":"publish","type":"post","link":"https:\/\/isbsport.com\/latam\/victoria-de-felipe-orts-en-cervera-del-maestre\/","title":{"rendered":"Victoria de Felipe Orts en Cervera del Maestre"},"content":{"rendered":"<p>Felipe Orts vuelve a alzar los brazos en la Copa de Espa\u00f1a XCO tras una demostraci\u00f3n de poder\u00edo en Cervera del Mestre. El corredor de La Vila, realizando una gran lectura de carrera, asest\u00f3 el golpe definitivo en la pen\u00faltima vuelta, donde consigui\u00f3 marcharse en solitario para sumar su segunda victoria en la competici\u00f3n copera.<\/p>\n<p>Cervera del Maestre albergaba la \u00faltima entrega de la Copa de Espa\u00f1a XCO, donde Felipe Orts tomaba la salida con un objetivo claro, conseguir la victoria. Esas ganas se demostraban desde los primeros compases, con el corredor alicantino ganando puestos con solvencia hasta colocarse en segunda posici\u00f3n, a la estela del l\u00edder de la competici\u00f3n Cristofer Bosque.<\/p>\n<p>Este guion se prolongar\u00eda en el tiempo, con ambos corredores abriendo margen respecto a los perseguidores. Felipe Orts, con muy buenas sensaciones, decid\u00eda dosificar los esfuerzos en busca del triunfo. Con la estrategia bien definida, el corredor alicantino asestaba un cambio de ritmo a falta de dos vueltas, haciendo valer su gran explosividad, para marcharse en solitario consiguiendo una ventaja cercana al medio minuto.<\/p>\n<p>Con las diferencias estabilizadas, Orts disfrutaba en los \u00faltimos kil\u00f3metros para llegar alzar los brazos en l\u00ednea de meta consiguiendo un triunfo con aroma a redenci\u00f3n en una temporada marcada por la mala fortuna y los contratiempos. Con este resultado, Orts concluye la Copa de Espa\u00f1a sumando dos victorias consecutivas y consiguiendo la segunda posici\u00f3n en la clasificaci\u00f3n general.<\/p>\n<p><img loading=\"lazy\" decoding=\"async\" class=\"aligncenter wp-image-60905 size-large\" src=\"https:\/\/isbsport.com\/wp-content\/uploads\/2024\/07\/449464534_493125119938943_1975029287466709759_n-1024x683.jpg\" alt=\"\" width=\"1024\" height=\"683\" srcset=\"https:\/\/isbsport.com\/wp-content\/uploads\/2024\/07\/449464534_493125119938943_1975029287466709759_n-1024x683.jpg 1024w, https:\/\/isbsport.com\/wp-content\/uploads\/2024\/07\/449464534_493125119938943_1975029287466709759_n-300x200.jpg 300w, https:\/\/isbsport.com\/wp-content\/uploads\/2024\/07\/449464534_493125119938943_1975029287466709759_n-768x512.jpg 768w, https:\/\/isbsport.com\/wp-content\/uploads\/2024\/07\/449464534_493125119938943_1975029287466709759_n-700x467.jpg 700w, https:\/\/isbsport.com\/wp-content\/uploads\/2024\/07\/449464534_493125119938943_1975029287466709759_n-600x400.jpg 600w, https:\/\/isbsport.com\/wp-content\/uploads\/2024\/07\/449464534_493125119938943_1975029287466709759_n-90x60.jpg 90w, https:\/\/isbsport.com\/wp-content\/uploads\/2024\/07\/449464534_493125119938943_1975029287466709759_n-135x90.jpg 135w, https:\/\/isbsport.com\/wp-content\/uploads\/2024\/07\/449464534_493125119938943_1975029287466709759_n.jpg 1440w\" sizes=\"auto, (max-width: 1024px) 100vw, 1024px\" \/><\/p>\n","protected":false},"excerpt":{"rendered":"<p>Felipe Orts vuelve a alzar los brazos en la Copa de Espa\u00f1a XCO tras una demostraci\u00f3n de poder\u00edo en Cervera del Mestre. El corredor de La Vila, realizando una gran lectura de carrera, asest\u00f3 el golpe definitivo en la pen\u00faltima vuelta, donde consigui\u00f3 marcharse en&#8230;<\/p>\n","protected":false},"author":13,"featured_media":60912,"comment_status":"closed","ping_status":"closed","sticky":false,"template":"","format":"standard","meta":{"footnotes":""},"categories":[524],"tags":[3287],"class_list":["post-60915","post","type-post","status-publish","format-standard","has-post-thumbnail","hentry","category-cycling-latam","tag-felipe-orts-latam"],"_links":{"self":[{"href":"https:\/\/isbsport.com\/latam\/wp-json\/wp\/v2\/posts\/60915","targetHints":{"allow":["GET"]}}],"collection":[{"href":"https:\/\/isbsport.com\/latam\/wp-json\/wp\/v2\/posts"}],"about":[{"href":"https:\/\/isbsport.com\/latam\/wp-json\/wp\/v2\/types\/post"}],"author":[{"embeddable":true,"href":"https:\/\/isbsport.com\/latam\/wp-json\/wp\/v2\/users\/13"}],"replies":[{"embeddable":true,"href":"https:\/\/isbsport.com\/latam\/wp-json\/wp\/v2\/comments?post=60915"}],"version-history":[{"count":0,"href":"https:\/\/isbsport.com\/latam\/wp-json\/wp\/v2\/posts\/60915\/revisions"}],"wp:featuredmedia":[{"embeddable":true,"href":"https:\/\/isbsport.com\/latam\/wp-json\/wp\/v2\/media\/60912"}],"wp:attachment":[{"href":"https:\/\/isbsport.com\/latam\/wp-json\/wp\/v2\/media?parent=60915"}],"wp:term":[{"taxonomy":"category","embeddable":true,"href":"https:\/\/isbsport.com\/latam\/wp-json\/wp\/v2\/categories?post=60915"},{"taxonomy":"post_tag","embeddable":true,"href":"https:\/\/isbsport.com\/latam\/wp-json\/wp\/v2\/tags?post=60915"}],"curies":[{"name":"wp","href":"https:\/\/api.w.org\/{rel}","templated":true}]}}