{"id":60994,"date":"2024-07-07T08:50:21","date_gmt":"2024-07-07T07:50:21","guid":{"rendered":"https:\/\/isbsport.com\/sachsenring-grand-prix-preicanos-racing-team\/"},"modified":"2024-07-08T09:14:45","modified_gmt":"2024-07-08T08:14:45","slug":"sachsenring-grand-prix-preicanos-racing-team","status":"publish","type":"post","link":"https:\/\/isbsport.com\/latam\/sachsenring-grand-prix-preicanos-racing-team\/","title":{"rendered":"Sachsenring Grand Prix &#8211; Preicanos Racing Team"},"content":{"rendered":"<p>El Gran Premio de hoy en el circuito de Sachsenring nos ha dejado un sabor agridulce. Aunque el buen trabajo del equipo y los d\u00edas previos en Alemania nos hicieron creer en la posibilidad de un buen resultado, nos tenemos que conformar con el punto conseguido por nuestro piloto Jaume Masi\u00e0, que ha demostrado por qu\u00e9 fue campe\u00f3n del mundo el a\u00f1o pasado en la categor\u00eda de Moto3. Esta es la magia de este deporte, donde nada est\u00e1 garantizado, y un fallo mec\u00e1nico puede arruinar un buen fin de semana, como le ocurri\u00f3 a Bo Bendsneyder.<\/p>\n<p>&nbsp;<\/p>\n<p>La haza\u00f1a de Jaume Masi\u00e0 en este emblem\u00e1tico circuito vale m\u00e1s que el punto conseguido. Hoy ha tenido que competir contra pilotos como A. Canet, J. Alcoba e incluso M. Schrotter, que corr\u00eda en casa. Saliendo desde la decimonovena posici\u00f3n de la parrilla, Jaume hizo una buena salida, pero algunas colisiones con otros pilotos en las primeras vueltas, algo normal en esta categor\u00eda, le hicieron perder contacto con el grupo de cabeza. M\u00e1s tarde, en el momento crucial, tuvo que luchar codo con codo, vuelta tras vuelta, para asegurar la decimoquinta posici\u00f3n y sumar un punto.<\/p>\n<p>&nbsp;<\/p>\n<p>No fue el fin de semana esperado para nuestro piloto Dani Mu\u00f1oz, que cruz\u00f3 la l\u00ednea de meta en decimonovena posici\u00f3n. A pesar de su buena salida desde la vig\u00e9sima posici\u00f3n, la elecci\u00f3n del neum\u00e1tico trasero le afect\u00f3 durante la carrera. Esta ha sido su quinta carrera en la categor\u00eda de Moto2, y aunque no ha puntuado, tanto el equipo como el piloto saben que lo importante es que Dani siga ganando experiencia y vueltas en el circuito para convertirse en el gran piloto que est\u00e1 llamado a ser.<\/p>\n<p>&nbsp;<\/p>\n<p>Las malas noticias llegaron cuando vimos a nuestro piloto Bo Bendsneyder volver al box a las pocas vueltas de la carrera. Tras su salida, el equipo t\u00e9cnico detect\u00f3 que la moto estaba m\u00e1s caliente de lo habitual y experimentaba problemas de potencia. Tras el an\u00e1lisis t\u00e9cnico, se verific\u00f3 el fallo mec\u00e1nico, provocando la parada de la moto y el abandono de Bo. Una pena para nuestro piloto holand\u00e9s, que a pesar del buen trabajo realizado con su equipo t\u00e9cnico y de salir desde la decimoquinta posici\u00f3n, no pudo culminar el buen inicio de fin de semana.<\/p>\n<p><img loading=\"lazy\" decoding=\"async\" class=\"alignleft wp-image-60976 size-full\" src=\"https:\/\/isbsport.com\/wp-content\/uploads\/2024\/07\/unnamed-10.jpg\" alt=\"\" width=\"512\" height=\"341\" srcset=\"https:\/\/isbsport.com\/wp-content\/uploads\/2024\/07\/unnamed-10.jpg 512w, https:\/\/isbsport.com\/wp-content\/uploads\/2024\/07\/unnamed-10-300x200.jpg 300w, https:\/\/isbsport.com\/wp-content\/uploads\/2024\/07\/unnamed-10-90x60.jpg 90w, https:\/\/isbsport.com\/wp-content\/uploads\/2024\/07\/unnamed-10-135x90.jpg 135w\" sizes=\"auto, (max-width: 512px) 100vw, 512px\" \/> <img loading=\"lazy\" decoding=\"async\" class=\"alignright wp-image-60980 size-full\" src=\"https:\/\/isbsport.com\/wp-content\/uploads\/2024\/07\/unnamed-9.jpg\" alt=\"\" width=\"512\" height=\"341\" srcset=\"https:\/\/isbsport.com\/wp-content\/uploads\/2024\/07\/unnamed-9.jpg 512w, https:\/\/isbsport.com\/wp-content\/uploads\/2024\/07\/unnamed-9-300x200.jpg 300w, https:\/\/isbsport.com\/wp-content\/uploads\/2024\/07\/unnamed-9-90x60.jpg 90w, https:\/\/isbsport.com\/wp-content\/uploads\/2024\/07\/unnamed-9-135x90.jpg 135w\" sizes=\"auto, (max-width: 512px) 100vw, 512px\" \/><\/p>\n<p>&nbsp;<\/p>\n<p>&nbsp;<\/p>\n<p>&nbsp;<\/p>\n<p>&nbsp;<\/p>\n<p>&nbsp;<\/p>\n<p>&nbsp;<\/p>\n<p>&nbsp;<\/p>\n<p>&nbsp;<\/p>\n<p>&nbsp;<\/p>\n<p>&nbsp;<\/p>\n<p><img loading=\"lazy\" decoding=\"async\" class=\"wp-image-60988 size-large aligncenter\" src=\"https:\/\/isbsport.com\/wp-content\/uploads\/2024\/07\/450084558_398723872966932_8618585225478481505_n-1024x686.jpg\" alt=\"\" width=\"1024\" height=\"686\" srcset=\"https:\/\/isbsport.com\/wp-content\/uploads\/2024\/07\/450084558_398723872966932_8618585225478481505_n-1024x686.jpg 1024w, https:\/\/isbsport.com\/wp-content\/uploads\/2024\/07\/450084558_398723872966932_8618585225478481505_n-300x201.jpg 300w, https:\/\/isbsport.com\/wp-content\/uploads\/2024\/07\/450084558_398723872966932_8618585225478481505_n-768x514.jpg 768w, https:\/\/isbsport.com\/wp-content\/uploads\/2024\/07\/450084558_398723872966932_8618585225478481505_n-700x469.jpg 700w, https:\/\/isbsport.com\/wp-content\/uploads\/2024\/07\/450084558_398723872966932_8618585225478481505_n-600x402.jpg 600w, https:\/\/isbsport.com\/wp-content\/uploads\/2024\/07\/450084558_398723872966932_8618585225478481505_n-90x60.jpg 90w, https:\/\/isbsport.com\/wp-content\/uploads\/2024\/07\/450084558_398723872966932_8618585225478481505_n-134x90.jpg 134w, https:\/\/isbsport.com\/wp-content\/uploads\/2024\/07\/450084558_398723872966932_8618585225478481505_n.jpg 1080w\" sizes=\"auto, (max-width: 1024px) 100vw, 1024px\" \/><\/p>\n<p>&nbsp;<\/p>\n","protected":false},"excerpt":{"rendered":"<p>El Gran Premio de hoy en el circuito de Sachsenring nos ha dejado un sabor agridulce. Aunque el buen trabajo del equipo y los d\u00edas previos en Alemania nos hicieron creer en la posibilidad de un buen resultado, nos tenemos que conformar con el punto&#8230;<\/p>\n","protected":false},"author":13,"featured_media":60975,"comment_status":"closed","ping_status":"closed","sticky":false,"template":"","format":"standard","meta":{"footnotes":""},"categories":[534],"tags":[3281],"class_list":["post-60994","post","type-post","status-publish","format-standard","has-post-thumbnail","hentry","category-racing-motor-latam","tag-preicanos-racing-team-latam"],"_links":{"self":[{"href":"https:\/\/isbsport.com\/latam\/wp-json\/wp\/v2\/posts\/60994","targetHints":{"allow":["GET"]}}],"collection":[{"href":"https:\/\/isbsport.com\/latam\/wp-json\/wp\/v2\/posts"}],"about":[{"href":"https:\/\/isbsport.com\/latam\/wp-json\/wp\/v2\/types\/post"}],"author":[{"embeddable":true,"href":"https:\/\/isbsport.com\/latam\/wp-json\/wp\/v2\/users\/13"}],"replies":[{"embeddable":true,"href":"https:\/\/isbsport.com\/latam\/wp-json\/wp\/v2\/comments?post=60994"}],"version-history":[{"count":0,"href":"https:\/\/isbsport.com\/latam\/wp-json\/wp\/v2\/posts\/60994\/revisions"}],"wp:featuredmedia":[{"embeddable":true,"href":"https:\/\/isbsport.com\/latam\/wp-json\/wp\/v2\/media\/60975"}],"wp:attachment":[{"href":"https:\/\/isbsport.com\/latam\/wp-json\/wp\/v2\/media?parent=60994"}],"wp:term":[{"taxonomy":"category","embeddable":true,"href":"https:\/\/isbsport.com\/latam\/wp-json\/wp\/v2\/categories?post=60994"},{"taxonomy":"post_tag","embeddable":true,"href":"https:\/\/isbsport.com\/latam\/wp-json\/wp\/v2\/tags?post=60994"}],"curies":[{"name":"wp","href":"https:\/\/api.w.org\/{rel}","templated":true}]}}