{"id":61682,"date":"2024-07-21T08:42:52","date_gmt":"2024-07-21T07:42:52","guid":{"rendered":"https:\/\/isbsport.com\/podio-de-la-fim-worldssp-challenge\/"},"modified":"2024-07-21T08:42:52","modified_gmt":"2024-07-21T07:42:52","slug":"podio-de-la-fim-worldssp-challenge","status":"publish","type":"post","link":"https:\/\/isbsport.com\/latam\/podio-de-la-fim-worldssp-challenge\/","title":{"rendered":"PODIO DE LA FIM WORLDSSP CHALLENGE"},"content":{"rendered":"<p>El equipo Renzi Corse puede volver a casa satisfecho del Autodrom Most tras haber sumado m\u00e1s puntos importantes para el campeonato y haber conseguido la victoria en la Carrera 2 con Simone Corsi en la FIM WorldSSP Challenge.<\/p>\n<p>El domingo amaneci\u00f3 caluroso y soleado, y la acci\u00f3n en pista comenz\u00f3 con el warm-up a las 9:40. Simone sali\u00f3 a la pista en una breve sesi\u00f3n. Simone se dirigi\u00f3 a la breve sesi\u00f3n con la intenci\u00f3n de recuperar sensaciones tras la ca\u00edda sufrida en la carrera 1, provocada despu\u00e9s de que el italiano entrara en contacto con otro piloto. Corsi complet\u00f3 el warm-up en d\u00e9cima posici\u00f3n.<\/p>\n<p>A las 15.15 lleg\u00f3 el momento de la carrera. El italiano realiz\u00f3 otra salida r\u00e1pida y se situ\u00f3 inmediatamente en la zona de puntos, luchando por el top ten. A pesar de las altas temperaturas, Simone fue capaz de mantener un fuerte ritmo y lograr el und\u00e9cimo puesto, as\u00ed como una nueva victoria en el FIM World SSP Challenge, con el equipo italiano demostrando una vez m\u00e1s su gran potencial.<\/p>\n<p><img loading=\"lazy\" decoding=\"async\" class=\"aligncenter wp-image-61676 size-large\" src=\"https:\/\/isbsport.com\/wp-content\/uploads\/2024\/07\/unnamed-5-2-1024x683.jpg\" alt=\"\" width=\"1024\" height=\"683\" srcset=\"https:\/\/isbsport.com\/wp-content\/uploads\/2024\/07\/unnamed-5-2-1024x683.jpg 1024w, https:\/\/isbsport.com\/wp-content\/uploads\/2024\/07\/unnamed-5-2-300x200.jpg 300w, https:\/\/isbsport.com\/wp-content\/uploads\/2024\/07\/unnamed-5-2-768x512.jpg 768w, https:\/\/isbsport.com\/wp-content\/uploads\/2024\/07\/unnamed-5-2-1536x1025.jpg 1536w, https:\/\/isbsport.com\/wp-content\/uploads\/2024\/07\/unnamed-5-2-700x467.jpg 700w, https:\/\/isbsport.com\/wp-content\/uploads\/2024\/07\/unnamed-5-2-600x400.jpg 600w, https:\/\/isbsport.com\/wp-content\/uploads\/2024\/07\/unnamed-5-2-90x60.jpg 90w, https:\/\/isbsport.com\/wp-content\/uploads\/2024\/07\/unnamed-5-2-135x90.jpg 135w, https:\/\/isbsport.com\/wp-content\/uploads\/2024\/07\/unnamed-5-2.jpg 2048w\" sizes=\"auto, (max-width: 1024px) 100vw, 1024px\" \/><\/p>\n<p><img loading=\"lazy\" decoding=\"async\" class=\"aligncenter wp-image-61672 size-large\" src=\"https:\/\/isbsport.com\/wp-content\/uploads\/2024\/07\/unnamed-4-2-1024x683.jpg\" alt=\"\" width=\"1024\" height=\"683\" srcset=\"https:\/\/isbsport.com\/wp-content\/uploads\/2024\/07\/unnamed-4-2-1024x683.jpg 1024w, https:\/\/isbsport.com\/wp-content\/uploads\/2024\/07\/unnamed-4-2-300x200.jpg 300w, https:\/\/isbsport.com\/wp-content\/uploads\/2024\/07\/unnamed-4-2-768x512.jpg 768w, https:\/\/isbsport.com\/wp-content\/uploads\/2024\/07\/unnamed-4-2-1536x1025.jpg 1536w, https:\/\/isbsport.com\/wp-content\/uploads\/2024\/07\/unnamed-4-2-700x467.jpg 700w, https:\/\/isbsport.com\/wp-content\/uploads\/2024\/07\/unnamed-4-2-600x400.jpg 600w, https:\/\/isbsport.com\/wp-content\/uploads\/2024\/07\/unnamed-4-2-90x60.jpg 90w, https:\/\/isbsport.com\/wp-content\/uploads\/2024\/07\/unnamed-4-2-135x90.jpg 135w, https:\/\/isbsport.com\/wp-content\/uploads\/2024\/07\/unnamed-4-2.jpg 2048w\" sizes=\"auto, (max-width: 1024px) 100vw, 1024px\" \/><\/p>\n","protected":false},"excerpt":{"rendered":"<p>El equipo Renzi Corse puede volver a casa satisfecho del Autodrom Most tras haber sumado m\u00e1s puntos importantes para el campeonato y haber conseguido la victoria en la Carrera 2 con Simone Corsi en la FIM WorldSSP Challenge. El domingo amaneci\u00f3 caluroso y soleado, y&#8230;<\/p>\n","protected":false},"author":13,"featured_media":61671,"comment_status":"closed","ping_status":"closed","sticky":false,"template":"","format":"standard","meta":{"footnotes":""},"categories":[534],"tags":[3367],"class_list":["post-61682","post","type-post","status-publish","format-standard","has-post-thumbnail","hentry","category-racing-motor-latam","tag-team-renzi-corse-latam"],"_links":{"self":[{"href":"https:\/\/isbsport.com\/latam\/wp-json\/wp\/v2\/posts\/61682","targetHints":{"allow":["GET"]}}],"collection":[{"href":"https:\/\/isbsport.com\/latam\/wp-json\/wp\/v2\/posts"}],"about":[{"href":"https:\/\/isbsport.com\/latam\/wp-json\/wp\/v2\/types\/post"}],"author":[{"embeddable":true,"href":"https:\/\/isbsport.com\/latam\/wp-json\/wp\/v2\/users\/13"}],"replies":[{"embeddable":true,"href":"https:\/\/isbsport.com\/latam\/wp-json\/wp\/v2\/comments?post=61682"}],"version-history":[{"count":0,"href":"https:\/\/isbsport.com\/latam\/wp-json\/wp\/v2\/posts\/61682\/revisions"}],"wp:featuredmedia":[{"embeddable":true,"href":"https:\/\/isbsport.com\/latam\/wp-json\/wp\/v2\/media\/61671"}],"wp:attachment":[{"href":"https:\/\/isbsport.com\/latam\/wp-json\/wp\/v2\/media?parent=61682"}],"wp:term":[{"taxonomy":"category","embeddable":true,"href":"https:\/\/isbsport.com\/latam\/wp-json\/wp\/v2\/categories?post=61682"},{"taxonomy":"post_tag","embeddable":true,"href":"https:\/\/isbsport.com\/latam\/wp-json\/wp\/v2\/tags?post=61682"}],"curies":[{"name":"wp","href":"https:\/\/api.w.org\/{rel}","templated":true}]}}