{"id":61731,"date":"2024-07-22T09:15:13","date_gmt":"2024-07-22T08:15:13","guid":{"rendered":"https:\/\/isbsport.com\/granfondo-sestriere-colle-delle-finestre\/"},"modified":"2024-07-22T09:15:13","modified_gmt":"2024-07-22T08:15:13","slug":"granfondo-sestriere-colle-delle-finestre","status":"publish","type":"post","link":"https:\/\/isbsport.com\/latam\/granfondo-sestriere-colle-delle-finestre\/","title":{"rendered":"Granfondo Sestriere Colle delle Finestre"},"content":{"rendered":"<p>Cinco atletas del equipo Da- Tor\/Isb, con sede en Lecco, estuvieron en la salida de la Granfondo Sestriere Colle delle Finestre, una prueba ciclista en carretera que se celebr\u00f3 el s\u00e1bado 20 de julio. de julio.<\/p>\n<p>Los atletas compitieron en dos recorridos: granfondo y mediofondo, ambos con una subida al Colle delle Finestre. Partieron de Sestriere Borgata para subir a Sestriere y luego comenzar el descenso hacia Cesana T.se, Oulx y a lo largo de todo el valle de Susa hasta la ciudad principal. Aqu\u00ed comenz\u00f3 la subida de 18 kil\u00f3metros del Colle delle Finestre por Meana di Susa: una subida \u00fanica, caracterizada por el \u00faltimo tramo de 7,8 kil\u00f3metros de camino de tierra que nos devolvi\u00f3 a la dimensi\u00f3n \u00e9pica del ciclismo, la hecha de polvo y fatiga que hizo \u00fanica a la Granfondo Sestriere. Colle delle Finestre. Alcanzada la cima del Colle descendemos a Pourries para reanudar la subida a Pragelato y la llegada del mediofondo en Sestriere (98,8 km de carrera). Los m\u00e1s preparados pueden continuar en el bucle final: Sestriere, Sauze di Cesana, Cesana, Sestriere para completar el recorrido de granfondo con un total de 121,5 km.<\/p>\n<p>En la pista larga gran prueba de Francesco Figini (3h12&#8217;19&#8221;) que conquista un brillante quinto puesto en la general, tomando el segundo lugar en la categor\u00eda Senior 2. Tambi\u00e9n finaliz\u00f3 su esfuerzo Franco Divitini (356\u00ba en la general en 5h58&#8217;05&#8221;) 23\u00ba en la Supergentlemen A.<\/p>\n<p>En el &#8216;otro recorrido, la marca Da-Tor\/Isb entra en lo m\u00e1s destacado gracias a los podios conseguidos por los tres atletas en carrera. Maravillosa actuaci\u00f3n de Andrea Miotto, cuarto en la general, y segundo en Veteranos 1 (3h50&#8217;54&#8221;). En 20\u00aa posici\u00f3n de la general (4h22&#8217;01\u00ab) cierra Massimiliano Bellaria, segundo en Veteranos 2, y 28\u00ba (4h27&#8217;12\u00bb) Paolo Montini segundo en Caballeros 1.<\/p>\n<p><img loading=\"lazy\" decoding=\"async\" class=\"aligncenter wp-image-61713 size-full\" src=\"https:\/\/isbsport.com\/wp-content\/uploads\/2024\/07\/photo-medium-1.png\" alt=\"\" width=\"800\" height=\"484\" srcset=\"https:\/\/isbsport.com\/wp-content\/uploads\/2024\/07\/photo-medium-1.png 800w, https:\/\/isbsport.com\/wp-content\/uploads\/2024\/07\/photo-medium-1-300x182.png 300w, https:\/\/isbsport.com\/wp-content\/uploads\/2024\/07\/photo-medium-1-768x465.png 768w, https:\/\/isbsport.com\/wp-content\/uploads\/2024\/07\/photo-medium-1-700x424.png 700w, https:\/\/isbsport.com\/wp-content\/uploads\/2024\/07\/photo-medium-1-600x363.png 600w, https:\/\/isbsport.com\/wp-content\/uploads\/2024\/07\/photo-medium-1-99x60.png 99w, https:\/\/isbsport.com\/wp-content\/uploads\/2024\/07\/photo-medium-1-149x90.png 149w\" sizes=\"auto, (max-width: 800px) 100vw, 800px\" \/> <img loading=\"lazy\" decoding=\"async\" class=\"aligncenter wp-image-61717 size-large\" src=\"https:\/\/isbsport.com\/wp-content\/uploads\/2024\/07\/1656258987685_GranFondo-1-1024x576.jpg\" alt=\"\" width=\"1024\" height=\"576\" srcset=\"https:\/\/isbsport.com\/wp-content\/uploads\/2024\/07\/1656258987685_GranFondo-1-1024x576.jpg 1024w, https:\/\/isbsport.com\/wp-content\/uploads\/2024\/07\/1656258987685_GranFondo-1-300x169.jpg 300w, https:\/\/isbsport.com\/wp-content\/uploads\/2024\/07\/1656258987685_GranFondo-1-768x432.jpg 768w, https:\/\/isbsport.com\/wp-content\/uploads\/2024\/07\/1656258987685_GranFondo-1-1536x864.jpg 1536w, https:\/\/isbsport.com\/wp-content\/uploads\/2024\/07\/1656258987685_GranFondo-1-700x394.jpg 700w, https:\/\/isbsport.com\/wp-content\/uploads\/2024\/07\/1656258987685_GranFondo-1-539x303.jpg 539w, https:\/\/isbsport.com\/wp-content\/uploads\/2024\/07\/1656258987685_GranFondo-1-600x338.jpg 600w, https:\/\/isbsport.com\/wp-content\/uploads\/2024\/07\/1656258987685_GranFondo-1-107x60.jpg 107w, https:\/\/isbsport.com\/wp-content\/uploads\/2024\/07\/1656258987685_GranFondo-1-160x90.jpg 160w, https:\/\/isbsport.com\/wp-content\/uploads\/2024\/07\/1656258987685_GranFondo-1.jpg 2048w\" sizes=\"auto, (max-width: 1024px) 100vw, 1024px\" \/><\/p>\n<p><img loading=\"lazy\" decoding=\"async\" class=\"aligncenter wp-image-61721 size-large\" src=\"https:\/\/isbsport.com\/wp-content\/uploads\/2024\/07\/ANDREA-MIOTTO-1-1-672x1024.jpg\" alt=\"\" width=\"672\" height=\"1024\" srcset=\"https:\/\/isbsport.com\/wp-content\/uploads\/2024\/07\/ANDREA-MIOTTO-1-1-672x1024.jpg 672w, https:\/\/isbsport.com\/wp-content\/uploads\/2024\/07\/ANDREA-MIOTTO-1-1-197x300.jpg 197w, https:\/\/isbsport.com\/wp-content\/uploads\/2024\/07\/ANDREA-MIOTTO-1-1-700x1066.jpg 700w, https:\/\/isbsport.com\/wp-content\/uploads\/2024\/07\/ANDREA-MIOTTO-1-1-600x914.jpg 600w, https:\/\/isbsport.com\/wp-content\/uploads\/2024\/07\/ANDREA-MIOTTO-1-1-39x60.jpg 39w, https:\/\/isbsport.com\/wp-content\/uploads\/2024\/07\/ANDREA-MIOTTO-1-1-59x90.jpg 59w, https:\/\/isbsport.com\/wp-content\/uploads\/2024\/07\/ANDREA-MIOTTO-1-1.jpg 757w\" sizes=\"auto, (max-width: 672px) 100vw, 672px\" \/><\/p>\n","protected":false},"excerpt":{"rendered":"<p>Cinco atletas del equipo Da- Tor\/Isb, con sede en Lecco, estuvieron en la salida de la Granfondo Sestriere Colle delle Finestre, una prueba ciclista en carretera que se celebr\u00f3 el s\u00e1bado 20 de julio. de julio. Los atletas compitieron en dos recorridos: granfondo y mediofondo,&#8230;<\/p>\n","protected":false},"author":13,"featured_media":61728,"comment_status":"closed","ping_status":"closed","sticky":false,"template":"","format":"standard","meta":{"footnotes":""},"categories":[524],"tags":[2077],"class_list":["post-61731","post","type-post","status-publish","format-standard","has-post-thumbnail","hentry","category-cycling-latam","tag-team-dator-isb-latam"],"_links":{"self":[{"href":"https:\/\/isbsport.com\/latam\/wp-json\/wp\/v2\/posts\/61731","targetHints":{"allow":["GET"]}}],"collection":[{"href":"https:\/\/isbsport.com\/latam\/wp-json\/wp\/v2\/posts"}],"about":[{"href":"https:\/\/isbsport.com\/latam\/wp-json\/wp\/v2\/types\/post"}],"author":[{"embeddable":true,"href":"https:\/\/isbsport.com\/latam\/wp-json\/wp\/v2\/users\/13"}],"replies":[{"embeddable":true,"href":"https:\/\/isbsport.com\/latam\/wp-json\/wp\/v2\/comments?post=61731"}],"version-history":[{"count":0,"href":"https:\/\/isbsport.com\/latam\/wp-json\/wp\/v2\/posts\/61731\/revisions"}],"wp:featuredmedia":[{"embeddable":true,"href":"https:\/\/isbsport.com\/latam\/wp-json\/wp\/v2\/media\/61728"}],"wp:attachment":[{"href":"https:\/\/isbsport.com\/latam\/wp-json\/wp\/v2\/media?parent=61731"}],"wp:term":[{"taxonomy":"category","embeddable":true,"href":"https:\/\/isbsport.com\/latam\/wp-json\/wp\/v2\/categories?post=61731"},{"taxonomy":"post_tag","embeddable":true,"href":"https:\/\/isbsport.com\/latam\/wp-json\/wp\/v2\/tags?post=61731"}],"curies":[{"name":"wp","href":"https:\/\/api.w.org\/{rel}","templated":true}]}}