{"id":61813,"date":"2024-09-17T17:11:50","date_gmt":"2024-09-17T16:11:50","guid":{"rendered":"https:\/\/isbsport.com\/scott-cala-bandida-podium-en-campeonato-de-gravel\/"},"modified":"2024-09-17T17:11:50","modified_gmt":"2024-09-17T16:11:50","slug":"scott-cala-bandida-podium-en-campeonato-de-gravel","status":"publish","type":"post","link":"https:\/\/isbsport.com\/latam\/scott-cala-bandida-podium-en-campeonato-de-gravel\/","title":{"rendered":"Scott Cala Bandida Podium en Campeonato de gravel"},"content":{"rendered":"<p><strong>Tercer puesto para Mantec\u00f3n en el primer campeonato de Espa\u00f1a de Gravel de la historia<\/strong><\/p>\n<p>Mantec\u00f3n y Faus se desplazaban este pasado fin de semana a Santo Domingo de Silos para disputar el primer campeonato de Espa\u00f1a de Gravel de la historia. Un recorrido de 135km y m\u00e1s de 2800m de desnivel positivo, con tramos muy variados donde las r\u00e1pidas pistas se mezclaban con t\u00e9cnicos senderos que dar\u00edan oportunidad a todo tipo de ciclistas.<br \/>\nTras una carrera exigente, donde se mantuvo en los puestos de cabeza desde la salida, Mantec\u00f3n finalmente consegu\u00eda un fant\u00e1stico podium despu\u00e9s de haber logrado una gran remontada tras un problema t\u00e9cnico que le hac\u00eda retrasarse hasta mitad de clasificaci\u00f3n. Un muy buen resultado que muestra el gran estado de forma de Sergio en esta parte de la temporada.<br \/>\nPor su parte Miquel Faus hizo una carrera muy s\u00f3lida, manteni\u00e9ndose en el segundo grupo que luchaba el Top10 de la prueba hasta que a escasos kms de la meta el baj\u00f3n f\u00edsico le obligaba ralentizar su ritmo. Pese a esto nos quedamos con las buenas sensaciones y ritmo que mostr\u00f3 durante la prueba.<\/p>\n","protected":false},"excerpt":{"rendered":"<p>Tercer puesto para Mantec\u00f3n en el primer campeonato de Espa\u00f1a de Gravel de la historia Mantec\u00f3n y Faus se desplazaban este pasado fin de semana a Santo Domingo de Silos para disputar el primer campeonato de Espa\u00f1a de Gravel de la historia. Un recorrido de&#8230;<\/p>\n","protected":false},"author":5,"featured_media":61811,"comment_status":"closed","ping_status":"closed","sticky":false,"template":"","format":"standard","meta":{"footnotes":""},"categories":[524],"tags":[1429],"class_list":["post-61813","post","type-post","status-publish","format-standard","has-post-thumbnail","hentry","category-cycling-latam","tag-scott-cala-bandida-latam"],"_links":{"self":[{"href":"https:\/\/isbsport.com\/latam\/wp-json\/wp\/v2\/posts\/61813","targetHints":{"allow":["GET"]}}],"collection":[{"href":"https:\/\/isbsport.com\/latam\/wp-json\/wp\/v2\/posts"}],"about":[{"href":"https:\/\/isbsport.com\/latam\/wp-json\/wp\/v2\/types\/post"}],"author":[{"embeddable":true,"href":"https:\/\/isbsport.com\/latam\/wp-json\/wp\/v2\/users\/5"}],"replies":[{"embeddable":true,"href":"https:\/\/isbsport.com\/latam\/wp-json\/wp\/v2\/comments?post=61813"}],"version-history":[{"count":0,"href":"https:\/\/isbsport.com\/latam\/wp-json\/wp\/v2\/posts\/61813\/revisions"}],"wp:featuredmedia":[{"embeddable":true,"href":"https:\/\/isbsport.com\/latam\/wp-json\/wp\/v2\/media\/61811"}],"wp:attachment":[{"href":"https:\/\/isbsport.com\/latam\/wp-json\/wp\/v2\/media?parent=61813"}],"wp:term":[{"taxonomy":"category","embeddable":true,"href":"https:\/\/isbsport.com\/latam\/wp-json\/wp\/v2\/categories?post=61813"},{"taxonomy":"post_tag","embeddable":true,"href":"https:\/\/isbsport.com\/latam\/wp-json\/wp\/v2\/tags?post=61813"}],"curies":[{"name":"wp","href":"https:\/\/api.w.org\/{rel}","templated":true}]}}