{"id":63426,"date":"2025-06-02T07:33:05","date_gmt":"2025-06-02T06:33:05","guid":{"rendered":"https:\/\/isbsport.com\/triple-desafio-para-isb-factory-team-superado-con-exito-andorra-uci-hero-marathon-cup-y-open-mix\/"},"modified":"2025-06-02T07:33:05","modified_gmt":"2025-06-02T06:33:05","slug":"triple-desafio-para-isb-factory-team-superado-con-exito-andorra-uci-hero-marathon-cup-y-open-mix","status":"publish","type":"post","link":"https:\/\/isbsport.com\/latam\/triple-desafio-para-isb-factory-team-superado-con-exito-andorra-uci-hero-marathon-cup-y-open-mix\/","title":{"rendered":"TRIPLE DESAF\u00cdO PARA ISB FACTORY TEAM SUPERADO CON \u00c9XITO: ANDORRA UCI HERO, MARATHON CUP Y OPEN MIX"},"content":{"rendered":"<h4>Fin de semana de \u00e9xitos<\/h4>\n<p>El pasado fin de semana, el equipo afront\u00f3 uno de los desaf\u00edos m\u00e1s exigentes de la temporada, participando en tres competiciones de alto nivel: la Andorra UCI Hero, la Marathon Cup y el Open Maxis. Con actuaciones destacadas en cada prueba, el conjunto demostr\u00f3 solidez, ambici\u00f3n y un estado de forma envidiable.<\/p>\n<h4><strong>Andorra UCI Hero: esfuerzo al m\u00e1ximo nivel<\/strong><\/h4>\n<p>La cita en Andorra, incluida en el calendario UCI, reuni\u00f3 a algunos de los mejores ciclistas del mundo. La dureza del recorrido y el nivel de los participantes exigieron el m\u00e1ximo a cada corredor. Pilar se vio obligada a abandonar debido a problemas f\u00edsicos, mientras que Sergio logr\u00f3 una meritoria 40\u00aa posici\u00f3n, enfrent\u00e1ndose a un pelot\u00f3n de talla mundial. Por su parte, \u00c1lex, corredor de primer a\u00f1o, firm\u00f3 una gran actuaci\u00f3n, dejando claro su enorme potencial y proyecci\u00f3n de futuro.<\/p>\n<h4>Marathon Cup: dominio absoluto en sub-23<\/h4>\n<p>En la Marathon Cup, el equipo firm\u00f3 una actuaci\u00f3n impecable en la categor\u00eda sub-23, logrando un triplete con la tercera, cuarta y quinta posici\u00f3n. Esta actuaci\u00f3n consolid\u00f3 al equipo como el mejor de la jornada, evidenciando una excelente preparaci\u00f3n t\u00e1ctica y una gran cohesi\u00f3n entre los corredores. Un resultado que refuerza el liderazgo del conjunto en esta categor\u00eda.<\/p>\n<h4>Open Maxis y Copa Catalana: regularidad y podios<\/h4>\n<p>El fin de semana se cerr\u00f3 con m\u00e1s \u00e9xitos en el Open Maxis, donde Franc fue segundo sub-23 y Marc complet\u00f3 el podio con un tercer puesto. En la clasificaci\u00f3n general final de la Copa Catalana sub-23, Marc se alz\u00f3 con la segunda plaza, seguido de Ignasi (tercero) y Franc (cuarto), confirmando el dominio del equipo durante toda la temporada. En la general \u00e9lite, Dan logr\u00f3 una valiosa tercera posici\u00f3n, fruto de una temporada marcada por la constancia y el alto rendimiento.<\/p>\n<p>&nbsp;<\/p>\n<p>Tras un fin de semana de grandes resultados, el equipo ya se prepara para el pr\u00f3ximo reto: el Campeonato de Europa. Todo el \u00e1nimo para seguir dejando huella en cada carrera. <strong>Seguimos juntos, \u00a1A por m\u00e1s!<\/strong><\/p>\n<p style=\"text-align: left\"><img loading=\"lazy\" decoding=\"async\" class=\"alignnone size-medium wp-image-63404\" src=\"https:\/\/isbsport.com\/wp-content\/uploads\/2025\/06\/IMG_9767-169x300.jpg\" alt=\"factory team Scott MArathon BTT 2025 ISB SPORT\" width=\"169\" height=\"300\" srcset=\"https:\/\/isbsport.com\/wp-content\/uploads\/2025\/06\/IMG_9767-169x300.jpg 169w, https:\/\/isbsport.com\/wp-content\/uploads\/2025\/06\/IMG_9767-576x1024.jpg 576w, https:\/\/isbsport.com\/wp-content\/uploads\/2025\/06\/IMG_9767-768x1365.jpg 768w, https:\/\/isbsport.com\/wp-content\/uploads\/2025\/06\/IMG_9767-864x1536.jpg 864w, https:\/\/isbsport.com\/wp-content\/uploads\/2025\/06\/IMG_9767-1152x2048.jpg 1152w, https:\/\/isbsport.com\/wp-content\/uploads\/2025\/06\/IMG_9767-700x1244.jpg 700w, https:\/\/isbsport.com\/wp-content\/uploads\/2025\/06\/IMG_9767-600x1067.jpg 600w, https:\/\/isbsport.com\/wp-content\/uploads\/2025\/06\/IMG_9767-scaled.jpg 1440w\" sizes=\"auto, (max-width: 169px) 100vw, 169px\" \/> \u00a0<img loading=\"lazy\" decoding=\"async\" class=\"alignnone size-medium wp-image-63420\" src=\"https:\/\/isbsport.com\/wp-content\/uploads\/2025\/06\/DSC_1828-199x300.jpg\" alt=\"factory team Scott MArathon BTT 2025 ISB SPORT\" width=\"199\" height=\"300\" srcset=\"https:\/\/isbsport.com\/wp-content\/uploads\/2025\/06\/DSC_1828-199x300.jpg 199w, https:\/\/isbsport.com\/wp-content\/uploads\/2025\/06\/DSC_1828-681x1024.jpg 681w, https:\/\/isbsport.com\/wp-content\/uploads\/2025\/06\/DSC_1828-768x1155.jpg 768w, https:\/\/isbsport.com\/wp-content\/uploads\/2025\/06\/DSC_1828-1021x1536.jpg 1021w, https:\/\/isbsport.com\/wp-content\/uploads\/2025\/06\/DSC_1828-1362x2048.jpg 1362w, https:\/\/isbsport.com\/wp-content\/uploads\/2025\/06\/DSC_1828-700x1053.jpg 700w, https:\/\/isbsport.com\/wp-content\/uploads\/2025\/06\/DSC_1828-600x902.jpg 600w, https:\/\/isbsport.com\/wp-content\/uploads\/2025\/06\/DSC_1828-scaled.jpg 1702w\" sizes=\"auto, (max-width: 199px) 100vw, 199px\" \/> \u00a0<img loading=\"lazy\" decoding=\"async\" class=\"alignnone size-medium wp-image-63416\" src=\"https:\/\/isbsport.com\/wp-content\/uploads\/2025\/06\/DSC_1815-199x300.jpg\" alt=\"factory team Andorra Hero 2025 ISB SPORT\" width=\"199\" height=\"300\" srcset=\"https:\/\/isbsport.com\/wp-content\/uploads\/2025\/06\/DSC_1815-199x300.jpg 199w, https:\/\/isbsport.com\/wp-content\/uploads\/2025\/06\/DSC_1815-681x1024.jpg 681w, https:\/\/isbsport.com\/wp-content\/uploads\/2025\/06\/DSC_1815-768x1155.jpg 768w, https:\/\/isbsport.com\/wp-content\/uploads\/2025\/06\/DSC_1815-1021x1536.jpg 1021w, https:\/\/isbsport.com\/wp-content\/uploads\/2025\/06\/DSC_1815-1362x2048.jpg 1362w, https:\/\/isbsport.com\/wp-content\/uploads\/2025\/06\/DSC_1815-700x1053.jpg 700w, https:\/\/isbsport.com\/wp-content\/uploads\/2025\/06\/DSC_1815-600x902.jpg 600w, https:\/\/isbsport.com\/wp-content\/uploads\/2025\/06\/DSC_1815-scaled.jpg 1702w\" sizes=\"auto, (max-width: 199px) 100vw, 199px\" \/><\/p>\n","protected":false},"excerpt":{"rendered":"<p>Fin de semana de \u00e9xitos El pasado fin de semana, el equipo afront\u00f3 uno de los desaf\u00edos m\u00e1s exigentes de la temporada, participando en tres competiciones de alto nivel: la Andorra UCI Hero, la Marathon Cup y el Open Maxis. Con actuaciones destacadas en cada&#8230;<\/p>\n","protected":false},"author":13,"featured_media":63403,"comment_status":"closed","ping_status":"closed","sticky":false,"template":"","format":"standard","meta":{"footnotes":""},"categories":[524],"tags":[3213],"class_list":["post-63426","post","type-post","status-publish","format-standard","has-post-thumbnail","hentry","category-cycling-latam","tag-isb-factory-team-latam"],"_links":{"self":[{"href":"https:\/\/isbsport.com\/latam\/wp-json\/wp\/v2\/posts\/63426","targetHints":{"allow":["GET"]}}],"collection":[{"href":"https:\/\/isbsport.com\/latam\/wp-json\/wp\/v2\/posts"}],"about":[{"href":"https:\/\/isbsport.com\/latam\/wp-json\/wp\/v2\/types\/post"}],"author":[{"embeddable":true,"href":"https:\/\/isbsport.com\/latam\/wp-json\/wp\/v2\/users\/13"}],"replies":[{"embeddable":true,"href":"https:\/\/isbsport.com\/latam\/wp-json\/wp\/v2\/comments?post=63426"}],"version-history":[{"count":0,"href":"https:\/\/isbsport.com\/latam\/wp-json\/wp\/v2\/posts\/63426\/revisions"}],"wp:featuredmedia":[{"embeddable":true,"href":"https:\/\/isbsport.com\/latam\/wp-json\/wp\/v2\/media\/63403"}],"wp:attachment":[{"href":"https:\/\/isbsport.com\/latam\/wp-json\/wp\/v2\/media?parent=63426"}],"wp:term":[{"taxonomy":"category","embeddable":true,"href":"https:\/\/isbsport.com\/latam\/wp-json\/wp\/v2\/categories?post=63426"},{"taxonomy":"post_tag","embeddable":true,"href":"https:\/\/isbsport.com\/latam\/wp-json\/wp\/v2\/tags?post=63426"}],"curies":[{"name":"wp","href":"https:\/\/api.w.org\/{rel}","templated":true}]}}