{"id":63788,"date":"2025-06-12T15:59:16","date_gmt":"2025-06-12T14:59:16","guid":{"rendered":"https:\/\/isbsport.com\/buen-fin-de-semana-para-vasco-fonseca-en-jerez\/"},"modified":"2025-06-12T15:59:16","modified_gmt":"2025-06-12T14:59:16","slug":"buen-fin-de-semana-para-vasco-fonseca-en-jerez","status":"publish","type":"post","link":"https:\/\/isbsport.com\/latam\/buen-fin-de-semana-para-vasco-fonseca-en-jerez\/","title":{"rendered":"Buen fin de semana para Vasco Fonseca en Jerez"},"content":{"rendered":"<p><strong data-start=\"167\" data-end=\"226\">P2 en categor\u00eda y gran rendimiento pese a contratiempos<\/strong><\/p>\n<p>El joven piloto de Bultaco Racing, Vasco Fonseca, ha hecho un gran papel este fin de semana en la Copa de Espa\u00f1a de SS300, disputada en el Circuito de Jerez\u2013\u00c1ngel Nieto.<\/p>\n<p data-start=\"406\" data-end=\"706\">Fonseca logr\u00f3 una meritoria segunda posici\u00f3n en su categor\u00eda y un P11 en la clasificaci\u00f3n general, a pesar de un peque\u00f1o incidente en carrera, cuando fue tocado por otro piloto. Aun as\u00ed, supo mantener la concentraci\u00f3n y completar una gran carrera, consolidando su progresi\u00f3n en el campeonato.<\/p>\n<p data-start=\"708\" data-end=\"752\">\u00a1Enhorabuena, Vasco!<\/p>\n<p data-start=\"708\" data-end=\"752\"><img loading=\"lazy\" decoding=\"async\" class=\"alignnone size-full wp-image-63777\" src=\"https:\/\/isbsport.com\/wp-content\/uploads\/2025\/06\/vasco-fonseca-bultaco-racing-ISB-SPORT-2025.png\" alt=\"vasco fonseca bultaco racing ISB SPORT 2025\" width=\"243\" height=\"186\" \/><\/p>\n","protected":false},"excerpt":{"rendered":"<p>P2 en categor\u00eda y gran rendimiento pese a contratiempos El joven piloto de Bultaco Racing, Vasco Fonseca, ha hecho un gran papel este fin de semana en la Copa de Espa\u00f1a de SS300, disputada en el Circuito de Jerez\u2013\u00c1ngel Nieto. Fonseca logr\u00f3 una meritoria segunda&#8230;<\/p>\n","protected":false},"author":13,"featured_media":63784,"comment_status":"closed","ping_status":"closed","sticky":false,"template":"","format":"standard","meta":{"footnotes":""},"categories":[534],"tags":[],"class_list":["post-63788","post","type-post","status-publish","format-standard","has-post-thumbnail","hentry","category-racing-motor-latam"],"_links":{"self":[{"href":"https:\/\/isbsport.com\/latam\/wp-json\/wp\/v2\/posts\/63788","targetHints":{"allow":["GET"]}}],"collection":[{"href":"https:\/\/isbsport.com\/latam\/wp-json\/wp\/v2\/posts"}],"about":[{"href":"https:\/\/isbsport.com\/latam\/wp-json\/wp\/v2\/types\/post"}],"author":[{"embeddable":true,"href":"https:\/\/isbsport.com\/latam\/wp-json\/wp\/v2\/users\/13"}],"replies":[{"embeddable":true,"href":"https:\/\/isbsport.com\/latam\/wp-json\/wp\/v2\/comments?post=63788"}],"version-history":[{"count":0,"href":"https:\/\/isbsport.com\/latam\/wp-json\/wp\/v2\/posts\/63788\/revisions"}],"wp:featuredmedia":[{"embeddable":true,"href":"https:\/\/isbsport.com\/latam\/wp-json\/wp\/v2\/media\/63784"}],"wp:attachment":[{"href":"https:\/\/isbsport.com\/latam\/wp-json\/wp\/v2\/media?parent=63788"}],"wp:term":[{"taxonomy":"category","embeddable":true,"href":"https:\/\/isbsport.com\/latam\/wp-json\/wp\/v2\/categories?post=63788"},{"taxonomy":"post_tag","embeddable":true,"href":"https:\/\/isbsport.com\/latam\/wp-json\/wp\/v2\/tags?post=63788"}],"curies":[{"name":"wp","href":"https:\/\/api.w.org\/{rel}","templated":true}]}}