{"id":66395,"date":"2026-02-19T10:05:27","date_gmt":"2026-02-19T09:05:27","guid":{"rendered":"https:\/\/isbsport.com\/presentation-factory-team\/"},"modified":"2026-02-19T10:19:56","modified_gmt":"2026-02-19T09:19:56","slug":"presentation-factory-team","status":"publish","type":"post","link":"https:\/\/isbsport.com\/latam\/presentation-factory-team\/","title":{"rendered":"PRESENTACI\u00d3N FACTORY TEAM"},"content":{"rendered":"<p>Cr\u00f3nica del Factory Massi ISB Sport, embajador de ISB SPORT.<\/p>\n<p><strong>Proyecto internacional\u00a0<\/strong><\/p>\n<p>El nuevo Factory Massi ISB Sport se lanza esta temporada con un enfoque internacional femenino y talento joven masculino, apostando por un equipo diverso que rompe con el pasado. ISB Sport contin\u00faa como Main Sponsor, reforzando el proyecto y su evoluci\u00f3n bajo el esp\u00edritu \u201cFactory\u201d.<\/p>\n<p><strong><img loading=\"lazy\" decoding=\"async\" class=\"aligncenter wp-image-66367 size-full\" src=\"https:\/\/isbsport.com\/wp-content\/uploads\/2026\/02\/unnamed-38.jpg\" alt=\"\" width=\"1204\" height=\"760\" srcset=\"https:\/\/isbsport.com\/wp-content\/uploads\/2026\/02\/unnamed-38.jpg 1204w, https:\/\/isbsport.com\/wp-content\/uploads\/2026\/02\/unnamed-38-300x189.jpg 300w, https:\/\/isbsport.com\/wp-content\/uploads\/2026\/02\/unnamed-38-1024x646.jpg 1024w, https:\/\/isbsport.com\/wp-content\/uploads\/2026\/02\/unnamed-38-768x485.jpg 768w, https:\/\/isbsport.com\/wp-content\/uploads\/2026\/02\/unnamed-38-700x442.jpg 700w, https:\/\/isbsport.com\/wp-content\/uploads\/2026\/02\/unnamed-38-600x379.jpg 600w\" sizes=\"auto, (max-width: 1204px) 100vw, 1204px\" \/><\/strong><\/p>\n<p>U<strong>n equipo joven y con protagonismo femenino<\/strong><\/p>\n<p>Con cinco corredores de cinco nacionalidades distintas, el equipo apuesta decididamente por la igualdad y el ciclismo femenino de alto nivel, con un n\u00famero de corredoras que supera al masculino.<\/p>\n<p><b>Tessa Kortekaas<\/b>\u00a0(Pa\u00edses Bajos)<b><u><\/u><u><\/u><\/b><\/p>\n<p><b>M\u00f3nica Calder\u00f3n<\/b>\u00a0(Colombia)<b><u><\/u><u><\/u><\/b><\/p>\n<p><b>Costanza Fasoli<\/b>\u00a0(Italia)<b><u><\/u><u><\/u><\/b><\/p>\n<p><b>Mart\u00ed Aran<\/b>\u00a0(Espa\u00f1a)<b><u><\/u><u><\/u><\/b><\/p>\n<p><b>Axel Roudil\u00a0<\/b>(Francia)<\/p>\n<p><img loading=\"lazy\" decoding=\"async\" class=\"aligncenter wp-image-66371 size-full\" src=\"https:\/\/isbsport.com\/wp-content\/uploads\/2026\/02\/unnamed-39.jpg\" alt=\"\" width=\"1204\" height=\"760\" srcset=\"https:\/\/isbsport.com\/wp-content\/uploads\/2026\/02\/unnamed-39.jpg 1204w, https:\/\/isbsport.com\/wp-content\/uploads\/2026\/02\/unnamed-39-300x189.jpg 300w, https:\/\/isbsport.com\/wp-content\/uploads\/2026\/02\/unnamed-39-1024x646.jpg 1024w, https:\/\/isbsport.com\/wp-content\/uploads\/2026\/02\/unnamed-39-768x485.jpg 768w, https:\/\/isbsport.com\/wp-content\/uploads\/2026\/02\/unnamed-39-700x442.jpg 700w, https:\/\/isbsport.com\/wp-content\/uploads\/2026\/02\/unnamed-39-600x379.jpg 600w\" sizes=\"auto, (max-width: 1204px) 100vw, 1204px\" \/><\/p>\n<p><strong>Liderazgo y ra\u00edces<\/strong><\/p>\n<p>El proyecto est\u00e1 liderado por familias hist\u00f3ricas catalanas del mundo de las dos ruedas:<u><\/u><u><\/u><\/p>\n<p><b>Fam\u00edlia Abat<\/b> (ISB Sport)<\/p>\n<p><b>Fam\u00edlia Masferrer<\/b>\u00a0(Casa Masferrer\u2013Massi)<\/p>\n<p><u><\/u><u><\/u><b>Fam\u00edlia Bell\u00e8s<\/b>\u00a0(TBelles Team)<u><\/u><u><\/u><\/p>\n<p><b>Fam\u00edlia Sabat\u00e9<\/b>\u00a0(Inverse)<\/p>\n<p><img loading=\"lazy\" decoding=\"async\" class=\"aligncenter wp-image-66375 size-full\" src=\"https:\/\/isbsport.com\/wp-content\/uploads\/2026\/02\/unnamed-40.jpg\" alt=\"\" width=\"976\" height=\"972\" srcset=\"https:\/\/isbsport.com\/wp-content\/uploads\/2026\/02\/unnamed-40.jpg 976w, https:\/\/isbsport.com\/wp-content\/uploads\/2026\/02\/unnamed-40-300x300.jpg 300w, https:\/\/isbsport.com\/wp-content\/uploads\/2026\/02\/unnamed-40-150x150.jpg 150w, https:\/\/isbsport.com\/wp-content\/uploads\/2026\/02\/unnamed-40-768x765.jpg 768w, https:\/\/isbsport.com\/wp-content\/uploads\/2026\/02\/unnamed-40-100x100.jpg 100w, https:\/\/isbsport.com\/wp-content\/uploads\/2026\/02\/unnamed-40-700x697.jpg 700w, https:\/\/isbsport.com\/wp-content\/uploads\/2026\/02\/unnamed-40-600x598.jpg 600w\" sizes=\"auto, (max-width: 976px) 100vw, 976px\" \/><\/p>\n<p><strong>Valores y trayectoria<\/strong><\/p>\n<p>Con 18 temporadas en ciclismo y experiencia previa en el mundo de la moto desde la infancia, Factory Massi ISB Sport es un equipo cohesionado, cercano y con valores s\u00f3lidos.<u><\/u><u><\/u><\/p>\n<p><u><\/u><u><\/u>La bicicleta Massi Aire SLr de doble suspensi\u00f3n acompa\u00f1ar\u00e1 al equipo en todas las competiciones, con el apoyo incondicional de ISB Sport.<\/p>\n<p><img loading=\"lazy\" decoding=\"async\" class=\"aligncenter wp-image-66379 size-full\" src=\"https:\/\/isbsport.com\/wp-content\/uploads\/2026\/02\/unnamed-41.jpg\" alt=\"\" width=\"976\" height=\"662\" srcset=\"https:\/\/isbsport.com\/wp-content\/uploads\/2026\/02\/unnamed-41.jpg 976w, https:\/\/isbsport.com\/wp-content\/uploads\/2026\/02\/unnamed-41-300x203.jpg 300w, https:\/\/isbsport.com\/wp-content\/uploads\/2026\/02\/unnamed-41-768x521.jpg 768w, https:\/\/isbsport.com\/wp-content\/uploads\/2026\/02\/unnamed-41-700x475.jpg 700w, https:\/\/isbsport.com\/wp-content\/uploads\/2026\/02\/unnamed-41-600x407.jpg 600w\" sizes=\"auto, (max-width: 976px) 100vw, 976px\" \/><\/p>\n<p><strong>Patrocinadores y novedades<\/strong><\/p>\n<p>Patrocinadores hist\u00f3ricos: ISB Sport, Massi, Asic, Inverse, Galfer, 226ERS, Pirelli, Northwave (Vic Sports), Gemini, Vertical, Grup Vilacons, Oh My Box, Favero Electronics, W\u00fcrth, USWE, Club Deportivo VAS, Ayuntamiento de Roquetas de Mar, Adidas y Tannus.<u><\/u><u><\/u><\/p>\n<p><u><\/u><u><\/u>Novedades 2026: Compex, Symbtech, Coros, Julbo y Selle San Marco.<\/p>\n<p><img loading=\"lazy\" decoding=\"async\" class=\"aligncenter wp-image-66387 size-full\" src=\"https:\/\/isbsport.com\/wp-content\/uploads\/2026\/02\/unnamed-1.png\" alt=\"\" width=\"1002\" height=\"312\" srcset=\"https:\/\/isbsport.com\/wp-content\/uploads\/2026\/02\/unnamed-1.png 1002w, https:\/\/isbsport.com\/wp-content\/uploads\/2026\/02\/unnamed-1-300x93.png 300w, https:\/\/isbsport.com\/wp-content\/uploads\/2026\/02\/unnamed-1-768x239.png 768w, https:\/\/isbsport.com\/wp-content\/uploads\/2026\/02\/unnamed-1-1000x312.png 1000w, https:\/\/isbsport.com\/wp-content\/uploads\/2026\/02\/unnamed-1-700x218.png 700w, https:\/\/isbsport.com\/wp-content\/uploads\/2026\/02\/unnamed-1-600x187.png 600w\" sizes=\"auto, (max-width: 1002px) 100vw, 1002px\" \/><\/p>\n<p><strong>Estructura deportiva<\/strong><\/p>\n<p>El performance manager, Miguel \u00c1ngel S\u00e1ez de Bike-Training, sigue siendo clave en la preparaci\u00f3n f\u00edsica y t\u00e1ctica del equipo.<\/p>\n<p><strong>Calendario y retos 2026<\/strong><\/p>\n<p>El equipo afronta un calendario ambicioso en BTT e incorpora como novedad el debut en Gravel. Entre las competiciones m\u00e1s destacadas:<b><u><\/u><u><\/u><\/b><\/p>\n<p><b><u><\/u><u><\/u><\/b><b>Epic Series: Cape Epic, Andorra Epic, Swiss Epic y 4 Islands Epic &#8211; VolCAT 25\u00ba aniversario &#8211; Sea Otter Europe, Andaluc\u00eda Bike Race, Mediterranean Epic &#8211; Campeonatos nacionales y europeos de XCM &#8211; Titan Series: Marruecos, M\u00e9xico y Almer\u00eda.<\/b><\/p>\n<p><strong>Debut en Gravel: The Traka, Ranxo Gravel y Sea Otter Gravel. <\/strong><\/p>\n<p>Este 2026 ser\u00e1 un a\u00f1o de esfuerzo, sacrificio y pasi\u00f3n por el ciclismo. Factory Massi ISB Sport llega para marcar la diferencia en cada competici\u00f3n.<\/p>\n<p>Nos vemos en la l\u00ednea de salida. Gracias a todos por vuestro apoyo.<\/p>\n","protected":false},"excerpt":{"rendered":"<p>Cr\u00f3nica del Factory Massi ISB Sport, embajador de ISB SPORT. Proyecto internacional\u00a0 El nuevo Factory Massi ISB Sport se lanza esta temporada con un enfoque internacional femenino y talento joven masculino, apostando por un equipo diverso que rompe con el pasado. ISB Sport contin\u00faa como&#8230;<\/p>\n","protected":false},"author":13,"featured_media":66386,"comment_status":"closed","ping_status":"closed","sticky":false,"template":"","format":"standard","meta":{"footnotes":""},"categories":[524],"tags":[3213],"class_list":["post-66395","post","type-post","status-publish","format-standard","has-post-thumbnail","hentry","category-cycling-latam","tag-isb-factory-team-latam"],"_links":{"self":[{"href":"https:\/\/isbsport.com\/latam\/wp-json\/wp\/v2\/posts\/66395","targetHints":{"allow":["GET"]}}],"collection":[{"href":"https:\/\/isbsport.com\/latam\/wp-json\/wp\/v2\/posts"}],"about":[{"href":"https:\/\/isbsport.com\/latam\/wp-json\/wp\/v2\/types\/post"}],"author":[{"embeddable":true,"href":"https:\/\/isbsport.com\/latam\/wp-json\/wp\/v2\/users\/13"}],"replies":[{"embeddable":true,"href":"https:\/\/isbsport.com\/latam\/wp-json\/wp\/v2\/comments?post=66395"}],"version-history":[{"count":2,"href":"https:\/\/isbsport.com\/latam\/wp-json\/wp\/v2\/posts\/66395\/revisions"}],"predecessor-version":[{"id":66397,"href":"https:\/\/isbsport.com\/latam\/wp-json\/wp\/v2\/posts\/66395\/revisions\/66397"}],"wp:featuredmedia":[{"embeddable":true,"href":"https:\/\/isbsport.com\/latam\/wp-json\/wp\/v2\/media\/66386"}],"wp:attachment":[{"href":"https:\/\/isbsport.com\/latam\/wp-json\/wp\/v2\/media?parent=66395"}],"wp:term":[{"taxonomy":"category","embeddable":true,"href":"https:\/\/isbsport.com\/latam\/wp-json\/wp\/v2\/categories?post=66395"},{"taxonomy":"post_tag","embeddable":true,"href":"https:\/\/isbsport.com\/latam\/wp-json\/wp\/v2\/tags?post=66395"}],"curies":[{"name":"wp","href":"https:\/\/api.w.org\/{rel}","templated":true}]}}