{"id":66739,"date":"2026-03-10T10:45:27","date_gmt":"2026-03-10T09:45:27","guid":{"rendered":"https:\/\/isbsport.com\/far-west-race-barrolluvia-y-mucha-lucha\/"},"modified":"2026-03-10T10:58:01","modified_gmt":"2026-03-10T09:58:01","slug":"far-west-race-barrolluvia-y-mucha-lucha","status":"publish","type":"post","link":"https:\/\/isbsport.com\/latam\/far-west-race-barrolluvia-y-mucha-lucha\/","title":{"rendered":"FAR WEST RACE :  BARRO,LLUVIA Y MUCHA LUCHA"},"content":{"rendered":"<p>Cr\u00f3nica de Cycistwork factory team, embajador de ISB SPORT<\/p>\n<p>Este fin de semana el equipo ha disputado la Far West Race, una prueba por etapas marcada por condiciones muy duras, con barro y lluvia que hicieron las etapas especialmente exigentes.<\/p>\n<p>En categor\u00eda sub-23, \u00c0lex Gonz\u00e1lez firm\u00f3 una gran actuaci\u00f3n logrando la 5\u00aa posici\u00f3n, mientras que Jofre Ram\u00edrez tambi\u00e9n complet\u00f3 una carrera muy s\u00f3lida entrando 7\u00ba .<\/p>\n<p>En \u00e9lite, Ferran volvi\u00f3 a demostrar su progresi\u00f3n habitual de menos a m\u00e1s, mejorando sensaciones entre etapas para finalizar en una meritoria 12\u00aa posici\u00f3n .<br \/>\nSergio tuvo un gran primer d\u00eda, pero las malas sensaciones en la segunda etapa le hicieron perder ritmo, cerrando la carrera en la 14\u00aa posici\u00f3n \u00e9lite.<\/p>\n<p>Oriol Vila fue recuperando sensaciones el segundo d\u00eda, terminando muy satisfecho con su rendimiento y cruzando meta en la 42\u00aa posici\u00f3n \u00e9lite.<br \/>\nFranc de Cruz, que luch\u00f3 con malas sensaciones el primer d\u00eda, complet\u00f3 una gran remontada en la segunda etapa, acabando plet\u00f3rico y muy motivado, finalizando 53\u00ba en la general.<\/p>\n<p>En categor\u00eda femenina, Pilar sufri\u00f3 malas sensaciones durante la segunda etapa, pero aun as\u00ed logr\u00f3 cerrar la carrera con una 6\u00aa posici\u00f3n \u00e9lite en la general.<\/p>\n<p>Por su parte, Mart\u00ed tuvo un fin de semana complicado: problemas mec\u00e1nicos en la primera etapa le obligaron a limitarse a llegar a meta. En la segunda etapa empez\u00f3 muy fuerte, rodando dentro del top-10, pero un pinchazo en el km 15 lo dej\u00f3 finalmente fuera de carrera .<\/p>\n<p><strong>\u00a0Pr\u00f3ximas competiciones del equipo\u00a0<\/strong><\/p>\n<ul>\n<li>Jam\u00f3n Bike \u2013 21 de marzo<\/li>\n<li>Campeonato de Catalunya \u2013 22 de marzo<\/li>\n<li>Copa Catalana XCM \u2013 Torrelles de Foix \u2013 22 de marzo<\/li>\n<\/ul>\n<p>&nbsp;<\/p>\n<p>A pesar de las duras condiciones de barro y lluvia, el equipo pudo competir con total confianza gracias al rendimiento y la fiabilidad de los rodamientos ISB Sport, dise\u00f1ados para ofrecer m\u00e1xima resistencia, suavidad y durabilidad incluso en las situaciones m\u00e1s exigentes del MTB.<\/p>\n","protected":false},"excerpt":{"rendered":"<p>Cr\u00f3nica de Cycistwork factory team, embajador de ISB SPORT Este fin de semana el equipo ha disputado la Far West Race, una prueba por etapas marcada por condiciones muy duras, con barro y lluvia que hicieron las etapas especialmente exigentes. En categor\u00eda sub-23, \u00c0lex Gonz\u00e1lez&#8230;<\/p>\n","protected":false},"author":13,"featured_media":66737,"comment_status":"closed","ping_status":"closed","sticky":false,"template":"","format":"standard","meta":{"footnotes":""},"categories":[524],"tags":[],"class_list":["post-66739","post","type-post","status-publish","format-standard","has-post-thumbnail","hentry","category-cycling-latam"],"_links":{"self":[{"href":"https:\/\/isbsport.com\/latam\/wp-json\/wp\/v2\/posts\/66739","targetHints":{"allow":["GET"]}}],"collection":[{"href":"https:\/\/isbsport.com\/latam\/wp-json\/wp\/v2\/posts"}],"about":[{"href":"https:\/\/isbsport.com\/latam\/wp-json\/wp\/v2\/types\/post"}],"author":[{"embeddable":true,"href":"https:\/\/isbsport.com\/latam\/wp-json\/wp\/v2\/users\/13"}],"replies":[{"embeddable":true,"href":"https:\/\/isbsport.com\/latam\/wp-json\/wp\/v2\/comments?post=66739"}],"version-history":[{"count":5,"href":"https:\/\/isbsport.com\/latam\/wp-json\/wp\/v2\/posts\/66739\/revisions"}],"predecessor-version":[{"id":66750,"href":"https:\/\/isbsport.com\/latam\/wp-json\/wp\/v2\/posts\/66739\/revisions\/66750"}],"wp:featuredmedia":[{"embeddable":true,"href":"https:\/\/isbsport.com\/latam\/wp-json\/wp\/v2\/media\/66737"}],"wp:attachment":[{"href":"https:\/\/isbsport.com\/latam\/wp-json\/wp\/v2\/media?parent=66739"}],"wp:term":[{"taxonomy":"category","embeddable":true,"href":"https:\/\/isbsport.com\/latam\/wp-json\/wp\/v2\/categories?post=66739"},{"taxonomy":"post_tag","embeddable":true,"href":"https:\/\/isbsport.com\/latam\/wp-json\/wp\/v2\/tags?post=66739"}],"curies":[{"name":"wp","href":"https:\/\/api.w.org\/{rel}","templated":true}]}}