{"id":66874,"date":"2026-03-12T12:46:40","date_gmt":"2026-03-12T11:46:40","guid":{"rendered":"https:\/\/isbsport.com\/isb-iberica-trade-bike\/"},"modified":"2026-03-12T12:46:40","modified_gmt":"2026-03-12T11:46:40","slug":"isb-iberica-trade-bike","status":"publish","type":"post","link":"https:\/\/isbsport.com\/latam\/isb-iberica-trade-bike\/","title":{"rendered":"ISB IB\u00c9RICA EN TRADE BIKE"},"content":{"rendered":"<h2>En el especial de TRADE BIKE entrevista a Miriam Abad de ISB IB\u00c9RICA<\/h2>\n<p>&nbsp;<\/p>\n<p><strong><em>1.- \u00bfCu\u00e1l es la valoraci\u00f3n de la temporada 2025 y c\u00f3mo se presenta el a\u00f1o 2026?<\/em><\/strong><\/p>\n<p>La temporada 2025 ha sido, para nosotros, un a\u00f1o de confirmaci\u00f3n. No solo por resultados deportivos, sino por la coherencia de un trabajo que lleva tiempo construy\u00e9ndose alrededor del ciclismo femenino. Durante este a\u00f1o hemos tenido el orgullo de apoyar y acompa\u00f1ar a corredoras y proyectos que representan diferentes formas de entender este deporte, pero con un denominador com\u00fan: talento, esfuerzo y profesionalidad.<\/p>\n<p>Nombres como\u00a0<strong>Natalia Fischer<\/strong>,\u00a0<strong>M\u00f3nica Calder\u00f3n<\/strong>,\u00a0<strong>Tessa Kortekaas<\/strong>,\u00a0<strong>Constanza Fasolis<\/strong>\u00a0o\u00a0<strong>Pilar Fern\u00e1ndez<\/strong>\u00a0han formado parte de este camino, junto a proyectos colectivos como el\u00a0<strong>Brea Miribilla Cycling Project<\/strong>,\u00a0<strong>Sara Cueto<\/strong>\u00a0del Unicaja Gij\u00f3n o nuestras corredoras del\u00a0<strong>Esport Ciclista Matar\u00f3<\/strong>, presentes en una cita tan significativa como la Volta a Catalunya.<\/p>\n<p>M\u00e1s all\u00e1 de la visibilidad, 2025 ha sido un a\u00f1o de aprendizaje continuo, de escucha y de entender mejor qu\u00e9 necesitan las ciclistas en su d\u00eda a d\u00eda. Con esa base, 2026 se presenta como un a\u00f1o todav\u00eda m\u00e1s ambicioso: m\u00e1s estructura, m\u00e1s foco y una apuesta firme por seguir creciendo junto al ciclismo femenino desde la cercan\u00eda y la credibilidad.<\/p>\n<p>&nbsp;<\/p>\n<p><strong><em>2.- \u00bfC\u00f3mo est\u00e1 evolucionando la demanda de producto espec\u00edfico para mujer?<\/em><\/strong><\/p>\n<p>La demanda de producto para mujer est\u00e1 evolucionando de forma clara y positiva. Hoy las ciclistas saben lo que quieren, exigen rendimiento y valoran cada vez m\u00e1s los detalles. En nuestro caso, el camino es muy claro: escuchar a nuestras corredoras y aprender de ellas cada d\u00eda.<\/p>\n<p>Trabajamos para que siempre dispongan del producto m\u00e1s competitivo posible, adaptado a las exigencias reales que se encuentran encima de la bicicleta. No se trata solo de ofrecer material, sino de entender c\u00f3mo se utiliza, en qu\u00e9 condiciones y con qu\u00e9 objetivos. Esa relaci\u00f3n directa con las deportistas es la que nos permite evolucionar y mejorar constantemente.<\/p>\n<p>&nbsp;<\/p>\n<p><strong><em>3.- \u00bfEn qu\u00e9 disciplinas (carretera, Gravel, MTB, urbano, e-bike\u2026) se concentran tanto las tendencias como las mayores oportunidades de negocio vinculadas al ciclismo femenino?<\/em><\/strong><\/p>\n<p>El ciclismo femenino vive un momento especialmente interesante. Creemos que todas las disciplinas tienen hoy potencial de crecimiento y visibilidad, desde el ciclismo urbano hasta la e-bike, pasando por modalidades m\u00e1s competitivas.<\/p>\n<p>Aun as\u00ed, seguimos viendo c\u00f3mo el MTB y la carretera mantienen un papel protagonista, tanto en participaci\u00f3n como en impacto medi\u00e1tico. Muy cerca de ellas aparece el Gravel, que se consolida como la gran novedad de los \u00faltimos a\u00f1os: una disciplina abierta, transversal y con una capacidad enorme para atraer a nuevas ciclistas y generar comunidad.<\/p>\n<p>&nbsp;<\/p>\n<p><strong><em>4.- \u00bfCu\u00e1les son las \u00faltimas novedades de su marca para esta categor\u00eda?<\/em><\/strong><\/p>\n<p>Desarrollamos soluciones muy espec\u00edficas, pensadas para ofrecer el m\u00e1ximo rendimiento, la fiabilidad y la durabilidad que exige la competici\u00f3n y el ciclismo de alto nivel. No diferenciamos por sexos, porque creemos que cuando un producto est\u00e1 bien dise\u00f1ado, responde a las necesidades reales de quien lo utiliza, independientemente de ello.<\/p>\n<p>Nuestra apuesta por la innovaci\u00f3n se centra en mejorar la experiencia encima de la bici, cuidando cada detalle t\u00e9cnico y trabajando codo con codo con quienes conf\u00edan en nuestra marca. En un art\u00edculo enfocado al ciclismo femenino, lo importante no es hablar de diferencias, sino de compromiso, de calidad y de acompa\u00f1ar a las ciclistas en su evoluci\u00f3n deportiva.<\/p>\n<p>&nbsp;<\/p>\n<p><img loading=\"lazy\" decoding=\"async\" class=\"aligncenter size-full wp-image-66864\" src=\"https:\/\/isbsport.com\/wp-content\/uploads\/2026\/03\/Rodamientos-ISB-SPORT-Serie-Endurance-BO-COated-scaled.jpg\" alt=\"\" width=\"2560\" height=\"709\" srcset=\"https:\/\/isbsport.com\/wp-content\/uploads\/2026\/03\/Rodamientos-ISB-SPORT-Serie-Endurance-BO-COated-scaled.jpg 2560w, https:\/\/isbsport.com\/wp-content\/uploads\/2026\/03\/Rodamientos-ISB-SPORT-Serie-Endurance-BO-COated-300x83.jpg 300w, https:\/\/isbsport.com\/wp-content\/uploads\/2026\/03\/Rodamientos-ISB-SPORT-Serie-Endurance-BO-COated-1024x284.jpg 1024w, https:\/\/isbsport.com\/wp-content\/uploads\/2026\/03\/Rodamientos-ISB-SPORT-Serie-Endurance-BO-COated-768x213.jpg 768w, https:\/\/isbsport.com\/wp-content\/uploads\/2026\/03\/Rodamientos-ISB-SPORT-Serie-Endurance-BO-COated-1536x425.jpg 1536w, https:\/\/isbsport.com\/wp-content\/uploads\/2026\/03\/Rodamientos-ISB-SPORT-Serie-Endurance-BO-COated-2048x567.jpg 2048w, https:\/\/isbsport.com\/wp-content\/uploads\/2026\/03\/Rodamientos-ISB-SPORT-Serie-Endurance-BO-COated-700x194.jpg 700w, https:\/\/isbsport.com\/wp-content\/uploads\/2026\/03\/Rodamientos-ISB-SPORT-Serie-Endurance-BO-COated-600x166.jpg 600w\" sizes=\"auto, (max-width: 2560px) 100vw, 2560px\" \/><\/p>\n","protected":false},"excerpt":{"rendered":"<p>En el especial de TRADE BIKE entrevista a Miriam Abad de ISB IB\u00c9RICA &nbsp; 1.- \u00bfCu\u00e1l es la valoraci\u00f3n de la temporada 2025 y c\u00f3mo se presenta el a\u00f1o 2026? La temporada 2025 ha sido, para nosotros, un a\u00f1o de confirmaci\u00f3n. No solo por resultados&#8230;<\/p>\n","protected":false},"author":13,"featured_media":66871,"comment_status":"closed","ping_status":"closed","sticky":false,"template":"","format":"standard","meta":{"footnotes":""},"categories":[3546],"tags":[],"class_list":["post-66874","post","type-post","status-publish","format-standard","has-post-thumbnail","hentry","category-uncategorized-2"],"_links":{"self":[{"href":"https:\/\/isbsport.com\/latam\/wp-json\/wp\/v2\/posts\/66874","targetHints":{"allow":["GET"]}}],"collection":[{"href":"https:\/\/isbsport.com\/latam\/wp-json\/wp\/v2\/posts"}],"about":[{"href":"https:\/\/isbsport.com\/latam\/wp-json\/wp\/v2\/types\/post"}],"author":[{"embeddable":true,"href":"https:\/\/isbsport.com\/latam\/wp-json\/wp\/v2\/users\/13"}],"replies":[{"embeddable":true,"href":"https:\/\/isbsport.com\/latam\/wp-json\/wp\/v2\/comments?post=66874"}],"version-history":[{"count":0,"href":"https:\/\/isbsport.com\/latam\/wp-json\/wp\/v2\/posts\/66874\/revisions"}],"wp:featuredmedia":[{"embeddable":true,"href":"https:\/\/isbsport.com\/latam\/wp-json\/wp\/v2\/media\/66871"}],"wp:attachment":[{"href":"https:\/\/isbsport.com\/latam\/wp-json\/wp\/v2\/media?parent=66874"}],"wp:term":[{"taxonomy":"category","embeddable":true,"href":"https:\/\/isbsport.com\/latam\/wp-json\/wp\/v2\/categories?post=66874"},{"taxonomy":"post_tag","embeddable":true,"href":"https:\/\/isbsport.com\/latam\/wp-json\/wp\/v2\/tags?post=66874"}],"curies":[{"name":"wp","href":"https:\/\/api.w.org\/{rel}","templated":true}]}}