{"id":67756,"date":"2026-04-27T10:30:27","date_gmt":"2026-04-27T09:30:27","guid":{"rendered":"https:\/\/isbsport.com\/alberto-barroso-campeon-espana-gravel\/"},"modified":"2026-04-29T14:34:19","modified_gmt":"2026-04-29T13:34:19","slug":"alberto-barroso-campeon-espana-gravel","status":"publish","type":"post","link":"https:\/\/isbsport.com\/latam\/alberto-barroso-campeon-espana-gravel\/","title":{"rendered":"ALBERTO BARROSO, CAMPE\u00d3N DE ESPA\u00d1A DE GRAVEL"},"content":{"rendered":"<h3>El corredor del SCOTT Cala Bandida firma una victoria \u00e9pica y se consagra como referencia nacional en la disciplina<\/h3>\n<p>&nbsp;<\/p>\n<p>El SCOTT Cala Bandida logr\u00f3 este pasado s\u00e1bado uno de los mayores \u00e9xitos de la temporada con la victoria de Alberto Barroso en el Campeonato de Espa\u00f1a de Gravel, proclam\u00e1ndose nuevo campe\u00f3n de Espa\u00f1a en una disciplina nueva para \u00e9l.<\/p>\n<p>&nbsp;<\/p>\n<p>El equipo acud\u00eda a la cita con un objetivo claro, y Barroso respondi\u00f3 con una actuaci\u00f3n de m\u00e1ximo nivel. Desde los primeros kil\u00f3metros supo posicionarse en el grupo de cabeza en una carrera que fue seleccion\u00e1ndose progresivamente hasta quedar reducida a los corredores m\u00e1s fuertes.<\/p>\n<p>&nbsp;<\/p>\n<p>Junto a \u00e9l, nombres de referencia como David Valero marcaron el ritmo de la prueba. Ambos lograron abrir hueco sobre el resto de los competidores, d\u00e1ndose relevos en cabeza durante buena parte del recorrido y manteniendo una ventaja que acabar\u00eda siendo definitiva.<\/p>\n<p>&nbsp;<\/p>\n<p>En los metros finales, Barroso lanz\u00f3 su ataque decisivo que le permiti\u00f3 abrir hueco para cruzar la meta en solitario y hacerse con el t\u00edtulo nacional.<\/p>\n<p>&nbsp;<\/p>\n<p>El triunfo supone, hasta la fecha, el mayor logro de la temporada para el equipo, que llegaba reforzado tras el reciente doble podio en el Campeonato de Espa\u00f1a XCM con Jos\u00e9 Mari S\u00e1nchez y Enrique Morcillo, consolidando un a\u00f1o que est\u00e1 siendo para enmarcar.<\/p>\n<p>&nbsp;<\/p>\n<p>Barroso logr\u00f3 el t\u00edtulo sobre su SCOTT Addict Gravel 10, equipada con\u00a0los<a href=\"https:\/\/isbsport.com\/latam\/?page_id=64906\"> rodamientos ISB Sport<\/a> que le hicieron rendir al m\u00e1ximo nivel en un escenario de m\u00e1xima exigencia.<\/p>\n<p>&nbsp;<\/p>\n<p><img loading=\"lazy\" decoding=\"async\" class=\"aligncenter wp-image-67750 size-large\" src=\"https:\/\/isbsport.com\/wp-content\/uploads\/2026\/04\/image00002-1-819x1024.jpeg\" alt=\"ALBERTO BARROSO, CAMPE\u00d3N DE ESPA\u00d1A DE GRAVEL\" width=\"819\" height=\"1024\" srcset=\"https:\/\/isbsport.com\/wp-content\/uploads\/2026\/04\/image00002-1-819x1024.jpeg 819w, https:\/\/isbsport.com\/wp-content\/uploads\/2026\/04\/image00002-1-240x300.jpeg 240w, https:\/\/isbsport.com\/wp-content\/uploads\/2026\/04\/image00002-1-768x960.jpeg 768w, https:\/\/isbsport.com\/wp-content\/uploads\/2026\/04\/image00002-1-1229x1536.jpeg 1229w, https:\/\/isbsport.com\/wp-content\/uploads\/2026\/04\/image00002-1-1638x2048.jpeg 1638w, https:\/\/isbsport.com\/wp-content\/uploads\/2026\/04\/image00002-1-700x875.jpeg 700w, https:\/\/isbsport.com\/wp-content\/uploads\/2026\/04\/image00002-1-600x750.jpeg 600w, https:\/\/isbsport.com\/wp-content\/uploads\/2026\/04\/image00002-1-scaled.jpeg 2048w\" sizes=\"auto, (max-width: 819px) 100vw, 819px\" \/><\/p>\n","protected":false},"excerpt":{"rendered":"<p>El corredor del SCOTT Cala Bandida firma una victoria \u00e9pica y se consagra como referencia nacional en la disciplina &nbsp; El SCOTT Cala Bandida logr\u00f3 este pasado s\u00e1bado uno de los mayores \u00e9xitos de la temporada con la victoria de Alberto Barroso en el Campeonato&#8230;<\/p>\n","protected":false},"author":13,"featured_media":67745,"comment_status":"closed","ping_status":"closed","sticky":false,"template":"","format":"standard","meta":{"footnotes":""},"categories":[524],"tags":[1429,3963],"class_list":["post-67756","post","type-post","status-publish","format-standard","has-post-thumbnail","hentry","category-cycling-latam","tag-scott-cala-bandida-latam","tag-scott-cala-bandida-alberto-borroso"],"_links":{"self":[{"href":"https:\/\/isbsport.com\/latam\/wp-json\/wp\/v2\/posts\/67756","targetHints":{"allow":["GET"]}}],"collection":[{"href":"https:\/\/isbsport.com\/latam\/wp-json\/wp\/v2\/posts"}],"about":[{"href":"https:\/\/isbsport.com\/latam\/wp-json\/wp\/v2\/types\/post"}],"author":[{"embeddable":true,"href":"https:\/\/isbsport.com\/latam\/wp-json\/wp\/v2\/users\/13"}],"replies":[{"embeddable":true,"href":"https:\/\/isbsport.com\/latam\/wp-json\/wp\/v2\/comments?post=67756"}],"version-history":[{"count":1,"href":"https:\/\/isbsport.com\/latam\/wp-json\/wp\/v2\/posts\/67756\/revisions"}],"predecessor-version":[{"id":67761,"href":"https:\/\/isbsport.com\/latam\/wp-json\/wp\/v2\/posts\/67756\/revisions\/67761"}],"wp:featuredmedia":[{"embeddable":true,"href":"https:\/\/isbsport.com\/latam\/wp-json\/wp\/v2\/media\/67745"}],"wp:attachment":[{"href":"https:\/\/isbsport.com\/latam\/wp-json\/wp\/v2\/media?parent=67756"}],"wp:term":[{"taxonomy":"category","embeddable":true,"href":"https:\/\/isbsport.com\/latam\/wp-json\/wp\/v2\/categories?post=67756"},{"taxonomy":"post_tag","embeddable":true,"href":"https:\/\/isbsport.com\/latam\/wp-json\/wp\/v2\/tags?post=67756"}],"curies":[{"name":"wp","href":"https:\/\/api.w.org\/{rel}","templated":true}]}}