{"id":67773,"date":"2026-04-28T09:00:23","date_gmt":"2026-04-28T08:00:23","guid":{"rendered":"https:\/\/isbsport.com\/resultados-team-dator-isb-carretera-mtb\/"},"modified":"2026-04-28T09:00:23","modified_gmt":"2026-04-28T08:00:23","slug":"resultados-team-dator-isb-carretera-mtb","status":"publish","type":"post","link":"https:\/\/isbsport.com\/latam\/resultados-team-dator-isb-carretera-mtb\/","title":{"rendered":"RESULTADOS DEL TEAM DATOR-ISB EN CARRETERA Y MTB"},"content":{"rendered":"<p data-start=\"64\" data-end=\"219\">El equipo Da-Tor ISB sigue mostrando un gran nivel competitivo tanto en carretera como en MTB, con actuaciones destacadas en varias pruebas del calendario.<\/p>\n<p>&nbsp;<\/p>\n<p data-start=\"221\" data-end=\"784\">En carretera, la cita principal fue la <strong data-start=\"260\" data-end=\"282\">Granfondo Valdagno<\/strong> (Vicenza). En el recorrido largo (112 km y 2.490 m de desnivel), Andrea Miotto roz\u00f3 el podio con una excelente cuarta posici\u00f3n absoluta, logrando adem\u00e1s la victoria en la categor\u00eda Veteranos 1. Tambi\u00e9n entr\u00f3 en el top 10 Andrea Mariani, d\u00e9cimo en la general y tercero en S\u00e9nior 1. Destacaron igualmente Christian Dallago, 16.\u00ba absoluto y quinto en categor\u00eda Junior, y Aldo Barone, 30.\u00ba en la general y cuarto entre los Veteranos 1. En esta misma categor\u00eda, Marco Tagliabue fue 13.\u00ba (110.\u00ba absoluto).<\/p>\n<p>&nbsp;<\/p>\n<p data-start=\"786\" data-end=\"908\">En el recorrido corto (78 km y 1.410 m+), Luca Tatangelo finaliz\u00f3 en el puesto 152.\u00ba absoluto, siendo 16.\u00ba en Veteranos 1.<\/p>\n<p>&nbsp;<\/p>\n<p data-start=\"910\" data-end=\"1078\">Adem\u00e1s, en La Spezia, en la <strong data-start=\"938\" data-end=\"967\">Granfondo La Cinque Terre<\/strong>, Alessandro Giraudo consigui\u00f3 una meritoria 27.\u00aa posici\u00f3n en la general y la s\u00e9ptima en la categor\u00eda Senior A.<\/p>\n<p>&nbsp;<\/p>\n<p data-start=\"1080\" data-end=\"1584\">En MTB, el protagonismo fue para Davide Dinale, que complet\u00f3 un intenso fin de semana. El s\u00e1bado compiti\u00f3 en la <strong data-start=\"1192\" data-end=\"1219\">Marathon dell\u2019Appennino<\/strong> (Casella, G\u00e9nova), prueba internacional UCI de 65 km y 2.350 m de desnivel, donde logr\u00f3 una gran sexta posici\u00f3n absoluta entre los aficionados y la victoria en Master 4. Al d\u00eda siguiente, en el Campeonato Nacional ACSI de BTT en Montorfano (Como), fue tercero en Veteranos B. En la misma prueba, su hijo Davide firm\u00f3 una destacada segunda posici\u00f3n en Debutantes A.<\/p>\n<p>&nbsp;<\/p>\n<p data-start=\"1586\" data-end=\"1668\" data-is-last-node=\"\" data-is-only-node=\"\">El equipo confirma as\u00ed su regularidad y buen estado de forma en ambas disciplinas con el uso de los <a href=\"https:\/\/isbsport.com\/latam\/?page_id=64906\">Rodamientos ISB Sport<\/a>.<\/p>\n","protected":false},"excerpt":{"rendered":"<p>El equipo Da-Tor ISB sigue mostrando un gran nivel competitivo tanto en carretera como en MTB, con actuaciones destacadas en varias pruebas del calendario. &nbsp; En carretera, la cita principal fue la Granfondo Valdagno (Vicenza). En el recorrido largo (112 km y 2.490 m de&#8230;<\/p>\n","protected":false},"author":13,"featured_media":67767,"comment_status":"closed","ping_status":"closed","sticky":false,"template":"","format":"standard","meta":{"footnotes":""},"categories":[524],"tags":[2077],"class_list":["post-67773","post","type-post","status-publish","format-standard","has-post-thumbnail","hentry","category-cycling-latam","tag-team-dator-isb-latam"],"_links":{"self":[{"href":"https:\/\/isbsport.com\/latam\/wp-json\/wp\/v2\/posts\/67773","targetHints":{"allow":["GET"]}}],"collection":[{"href":"https:\/\/isbsport.com\/latam\/wp-json\/wp\/v2\/posts"}],"about":[{"href":"https:\/\/isbsport.com\/latam\/wp-json\/wp\/v2\/types\/post"}],"author":[{"embeddable":true,"href":"https:\/\/isbsport.com\/latam\/wp-json\/wp\/v2\/users\/13"}],"replies":[{"embeddable":true,"href":"https:\/\/isbsport.com\/latam\/wp-json\/wp\/v2\/comments?post=67773"}],"version-history":[{"count":0,"href":"https:\/\/isbsport.com\/latam\/wp-json\/wp\/v2\/posts\/67773\/revisions"}],"wp:featuredmedia":[{"embeddable":true,"href":"https:\/\/isbsport.com\/latam\/wp-json\/wp\/v2\/media\/67767"}],"wp:attachment":[{"href":"https:\/\/isbsport.com\/latam\/wp-json\/wp\/v2\/media?parent=67773"}],"wp:term":[{"taxonomy":"category","embeddable":true,"href":"https:\/\/isbsport.com\/latam\/wp-json\/wp\/v2\/categories?post=67773"},{"taxonomy":"post_tag","embeddable":true,"href":"https:\/\/isbsport.com\/latam\/wp-json\/wp\/v2\/tags?post=67773"}],"curies":[{"name":"wp","href":"https:\/\/api.w.org\/{rel}","templated":true}]}}