{"id":67808,"date":"2026-04-29T09:30:38","date_gmt":"2026-04-29T08:30:38","guid":{"rendered":"https:\/\/isbsport.com\/isb-factory-team-campeonato-espana-gravel\/"},"modified":"2026-04-29T09:30:38","modified_gmt":"2026-04-29T08:30:38","slug":"isb-factory-team-campeonato-espana-gravel","status":"publish","type":"post","link":"https:\/\/isbsport.com\/latam\/isb-factory-team-campeonato-espana-gravel\/","title":{"rendered":"ISB FACTORY TEAM CAMPEONATO DE ESPA\u00d1A DE GRAVEL"},"content":{"rendered":"<h3>Campeonato de Espa\u00f1a de Gravel: debut y lucha en Sierra de Alcaraz<\/h3>\n<p>&nbsp;<\/p>\n<p>Este s\u00e1bado el equipo particip\u00f3 en el Campeonato de Espa\u00f1a de Gravel, disputado en la GF Sierra de Alcaraz, sobre un exigente recorrido de 120 km y 2.500 m de desnivel.<\/p>\n<p>&nbsp;<\/p>\n<p>En categor\u00eda sub-23, Jaume Mu\u00f1oz firm\u00f3 una gran actuaci\u00f3n logrando la 6\u00aa posici\u00f3n<br \/>\nTambi\u00e9n destac\u00f3 Jaume Villar, que en su primera carrera con el equipo consigui\u00f3 una s\u00f3lida 11\u00aa posici\u00f3n sub-23, dejando muy buenas sensaciones.<\/p>\n<p>&nbsp;<\/p>\n<p>Por su parte, \u00c0lex Gonz\u00e1lez no tuvo su mejor d\u00eda. Arrastrando malas sensaciones desde hace tiempo, se vio obligado a abandonar la carrera.<\/p>\n<p>&nbsp;<\/p>\n<p>Pr\u00f3ximas competiciones del equipo<\/p>\n<ul>\n<li>The Traka 200 \u2013 2 de mayo<\/li>\n<li>Gigante de Piedra \u2013 2 de mayo<\/li>\n<li>Campeonato de Catalunya XCM \u2013 9 de mayo<\/li>\n<\/ul>\n","protected":false},"excerpt":{"rendered":"<p>Campeonato de Espa\u00f1a de Gravel: debut y lucha en Sierra de Alcaraz &nbsp; Este s\u00e1bado el equipo particip\u00f3 en el Campeonato de Espa\u00f1a de Gravel, disputado en la GF Sierra de Alcaraz, sobre un exigente recorrido de 120 km y 2.500 m de desnivel. &nbsp;&#8230;<\/p>\n","protected":false},"author":13,"featured_media":67805,"comment_status":"closed","ping_status":"closed","sticky":false,"template":"","format":"standard","meta":{"footnotes":""},"categories":[524],"tags":[3213],"class_list":["post-67808","post","type-post","status-publish","format-standard","has-post-thumbnail","hentry","category-cycling-latam","tag-isb-factory-team-latam"],"_links":{"self":[{"href":"https:\/\/isbsport.com\/latam\/wp-json\/wp\/v2\/posts\/67808","targetHints":{"allow":["GET"]}}],"collection":[{"href":"https:\/\/isbsport.com\/latam\/wp-json\/wp\/v2\/posts"}],"about":[{"href":"https:\/\/isbsport.com\/latam\/wp-json\/wp\/v2\/types\/post"}],"author":[{"embeddable":true,"href":"https:\/\/isbsport.com\/latam\/wp-json\/wp\/v2\/users\/13"}],"replies":[{"embeddable":true,"href":"https:\/\/isbsport.com\/latam\/wp-json\/wp\/v2\/comments?post=67808"}],"version-history":[{"count":0,"href":"https:\/\/isbsport.com\/latam\/wp-json\/wp\/v2\/posts\/67808\/revisions"}],"wp:featuredmedia":[{"embeddable":true,"href":"https:\/\/isbsport.com\/latam\/wp-json\/wp\/v2\/media\/67805"}],"wp:attachment":[{"href":"https:\/\/isbsport.com\/latam\/wp-json\/wp\/v2\/media?parent=67808"}],"wp:term":[{"taxonomy":"category","embeddable":true,"href":"https:\/\/isbsport.com\/latam\/wp-json\/wp\/v2\/categories?post=67808"},{"taxonomy":"post_tag","embeddable":true,"href":"https:\/\/isbsport.com\/latam\/wp-json\/wp\/v2\/tags?post=67808"}],"curies":[{"name":"wp","href":"https:\/\/api.w.org\/{rel}","templated":true}]}}