{"id":67845,"date":"2026-04-30T08:00:27","date_gmt":"2026-04-30T07:00:27","guid":{"rendered":"https:\/\/isbsport.com\/?p=67845"},"modified":"2026-04-30T08:00:32","modified_gmt":"2026-04-30T07:00:32","slug":"francesc-moret-alestrem-hard-enduro","status":"publish","type":"post","link":"https:\/\/isbsport.com\/latam\/francesc-moret-alestrem-hard-enduro\/","title":{"rendered":"FRANCESC MORET SUPERA EL EXIGENTE ALESTREM HARD ENDURO"},"content":{"rendered":"<p data-start=\"73\" data-end=\"394\">El arranque del Campeonato del Mundo FIM de Hard Enduro 2026 en Francia dej\u00f3 claro el alto nivel de exigencia de la disciplina. En este contexto, Francesc Moret, embajador de ISB Sport, firm\u00f3 una s\u00f3lida actuaci\u00f3n en el Alestrem Hard Enduro, una prueba marcada por la dureza del recorrido y la inestabilidad meteorol\u00f3gica.<\/p>\n<p>&nbsp;<\/p>\n<p data-start=\"396\" data-end=\"762\">El fin de semana comenz\u00f3 con buenas sensaciones. En el Xtrem Test del viernes, un trazado corto pero muy t\u00e9cnico, Moret logr\u00f3 posicionarse dentro del top 10, mostrando competitividad desde el inicio. En la jornada del s\u00e1bado, durante el pr\u00f3logo tipo SuperEnduro, consigui\u00f3 clasificarse para la final y asegurar una buena posici\u00f3n de salida para la carrera principal.<\/p>\n<p>&nbsp;<\/p>\n<p data-start=\"764\" data-end=\"1175\">El domingo, las condiciones cambiaron radicalmente. Tras el calor inicial, una intensa tormenta transform\u00f3 el terreno en un aut\u00e9ntico desaf\u00edo, especialmente en las secciones finales, obligando incluso a recortar la prueba. En este escenario, Moret supo adaptarse y gestionar la carrera con inteligencia. Partiendo desde la segunda fila, fue ganando posiciones hasta cruzar la meta en una meritoria 12\u00aa posici\u00f3n.<\/p>\n<p>&nbsp;<\/p>\n<p data-start=\"1177\" data-end=\"1222\">El propio piloto valoraba as\u00ed su actuaci\u00f3n:<\/p>\n<p data-start=\"1224\" data-end=\"1567\">\u201cHa sido una carrera muy exigente, sobre todo por las condiciones cambiantes. La lluvia, aunque complic\u00f3 mucho el terreno, me permiti\u00f3 encontrar mejores sensaciones y remontar posiciones. Terminamos contentos con el trabajo del fin de semana, pero con margen para seguir mejorando. El nivel es muy alto y toca seguir luchando en cada carrera\u201d.<\/p>\n<p>&nbsp;<\/p>\n<p data-start=\"1569\" data-end=\"1832\" data-is-last-node=\"\" data-is-only-node=\"\">Con este resultado, Francesc Moret inicia la temporada demostrando consistencia y capacidad de adaptaci\u00f3n, dos cualidades clave en el Hard Enduro. La pr\u00f3xima cita ser\u00e1 en Portugal, donde el objetivo ser\u00e1 seguir creciendo y acerc\u00e1ndose a las posiciones delanteras.<\/p>\n<p>&nbsp;<\/p>\n<p data-start=\"1569\" data-end=\"1832\" data-is-last-node=\"\" data-is-only-node=\"\"><img loading=\"lazy\" decoding=\"async\" class=\"aligncenter wp-image-67837 size-large\" src=\"https:\/\/isbsport.com\/wp-content\/uploads\/2026\/04\/Francesc-Moret-Alenstrem-Hard-Enduro-II-1024x576.jpg\" alt=\"Francesc Moret Alenstrem Hard Enduro\" width=\"1024\" height=\"576\" srcset=\"https:\/\/isbsport.com\/wp-content\/uploads\/2026\/04\/Francesc-Moret-Alenstrem-Hard-Enduro-II-1024x576.jpg 1024w, https:\/\/isbsport.com\/wp-content\/uploads\/2026\/04\/Francesc-Moret-Alenstrem-Hard-Enduro-II-300x169.jpg 300w, https:\/\/isbsport.com\/wp-content\/uploads\/2026\/04\/Francesc-Moret-Alenstrem-Hard-Enduro-II-768x432.jpg 768w, https:\/\/isbsport.com\/wp-content\/uploads\/2026\/04\/Francesc-Moret-Alenstrem-Hard-Enduro-II-1536x864.jpg 1536w, https:\/\/isbsport.com\/wp-content\/uploads\/2026\/04\/Francesc-Moret-Alenstrem-Hard-Enduro-II-2048x1152.jpg 2048w, https:\/\/isbsport.com\/wp-content\/uploads\/2026\/04\/Francesc-Moret-Alenstrem-Hard-Enduro-II-700x394.jpg 700w, https:\/\/isbsport.com\/wp-content\/uploads\/2026\/04\/Francesc-Moret-Alenstrem-Hard-Enduro-II-539x303.jpg 539w, https:\/\/isbsport.com\/wp-content\/uploads\/2026\/04\/Francesc-Moret-Alenstrem-Hard-Enduro-II-600x338.jpg 600w\" sizes=\"auto, (max-width: 1024px) 100vw, 1024px\" \/><\/p>\n","protected":false},"excerpt":{"rendered":"<p>El arranque del Campeonato del Mundo FIM de Hard Enduro 2026 en Francia dej\u00f3 claro el alto nivel de exigencia de la disciplina. En este contexto, Francesc Moret, embajador de ISB Sport, firm\u00f3 una s\u00f3lida actuaci\u00f3n en el Alestrem Hard Enduro, una prueba marcada por&#8230;<\/p>\n","protected":false},"author":13,"featured_media":67836,"comment_status":"closed","ping_status":"closed","sticky":false,"template":"","format":"standard","meta":{"footnotes":""},"categories":[534],"tags":[3330],"class_list":["post-67845","post","type-post","status-publish","format-standard","has-post-thumbnail","hentry","category-racing-motor-latam","tag-francesc-moret-latam"],"_links":{"self":[{"href":"https:\/\/isbsport.com\/latam\/wp-json\/wp\/v2\/posts\/67845","targetHints":{"allow":["GET"]}}],"collection":[{"href":"https:\/\/isbsport.com\/latam\/wp-json\/wp\/v2\/posts"}],"about":[{"href":"https:\/\/isbsport.com\/latam\/wp-json\/wp\/v2\/types\/post"}],"author":[{"embeddable":true,"href":"https:\/\/isbsport.com\/latam\/wp-json\/wp\/v2\/users\/13"}],"replies":[{"embeddable":true,"href":"https:\/\/isbsport.com\/latam\/wp-json\/wp\/v2\/comments?post=67845"}],"version-history":[{"count":1,"href":"https:\/\/isbsport.com\/latam\/wp-json\/wp\/v2\/posts\/67845\/revisions"}],"predecessor-version":[{"id":67864,"href":"https:\/\/isbsport.com\/latam\/wp-json\/wp\/v2\/posts\/67845\/revisions\/67864"}],"wp:featuredmedia":[{"embeddable":true,"href":"https:\/\/isbsport.com\/latam\/wp-json\/wp\/v2\/media\/67836"}],"wp:attachment":[{"href":"https:\/\/isbsport.com\/latam\/wp-json\/wp\/v2\/media?parent=67845"}],"wp:term":[{"taxonomy":"category","embeddable":true,"href":"https:\/\/isbsport.com\/latam\/wp-json\/wp\/v2\/categories?post=67845"},{"taxonomy":"post_tag","embeddable":true,"href":"https:\/\/isbsport.com\/latam\/wp-json\/wp\/v2\/tags?post=67845"}],"curies":[{"name":"wp","href":"https:\/\/api.w.org\/{rel}","templated":true}]}}