{"id":67860,"date":"2026-05-01T08:15:41","date_gmt":"2026-05-01T07:15:41","guid":{"rendered":"https:\/\/isbsport.com\/?p=67860"},"modified":"2026-05-01T08:15:46","modified_gmt":"2026-05-01T07:15:46","slug":"isb-sport-partner-oficial-uci-gravel-world-series-girona-costa-brava-sea-otter-europe","status":"publish","type":"post","link":"https:\/\/isbsport.com\/latam\/isb-sport-partner-oficial-uci-gravel-world-series-girona-costa-brava-sea-otter-europe\/","title":{"rendered":"ISB SPORT PARTNER OFICIAL DE LA UCI GRAVEL WORLD SERIES GIRONA-COSTA BRAVA SEA OTTER EUROPE"},"content":{"rendered":"<p data-start=\"97\" data-end=\"844\">Girona refuerza su papel como capital internacional del gravel con una cita clave del calendario UCI: la 226ERS UCI Gravel World Series Girona-Costa Brava Sea Otter Europe, que se presentaba esta semana con la presencia de representantes institucionales y del propio evento, consolidando el peso estrat\u00e9gico de esta cita dentro del calendario internacional de gravel. La prueba se llevar\u00e1 a cabo el 19 de septiembre, regresando al programa de la Shimano Sea Otter Europe Girona-Costa Brava by Garmin con un recorrido completamente renovado y el objetivo claro de seguir creciendo tras el \u00e9xito de sus primeras ediciones. Adem\u00e1s, la prueba mantiene su doble car\u00e1cter: \u00e9lite internacional y oportunidad real para amateurs de clasificarse al Mundial.<\/p>\n<p>&nbsp;<\/p>\n<p data-start=\"846\" data-end=\"1283\">La presentaci\u00f3n oficial, celebrada en la Seu de la Generalitat de Catalunya en Girona, volvi\u00f3 a poner de manifiesto la relevancia creciente del gravel como disciplina dentro del ciclismo global, as\u00ed como la capacidad de Girona para acoger eventos deportivos de primer nivel con proyecci\u00f3n internacional. La combinaci\u00f3n de territorio, organizaci\u00f3n y ecosistema ciclista consolida a la ciudad como un aut\u00e9ntico hub europeo de la bicicleta.<\/p>\n<p>&nbsp;<\/p>\n<p data-start=\"1285\" data-end=\"1736\">M\u00e1s all\u00e1 de la propia competici\u00f3n, la integraci\u00f3n dentro de la Shimano Sea Otter Europe convierte esta prueba en una experiencia completa. El festival re\u00fane a marcas, profesionales y aficionados en un entorno que combina competici\u00f3n, industria y cultura ciclista. Este enfoque transversal no solo eleva el valor deportivo del evento, sino que tambi\u00e9n impulsa la innovaci\u00f3n, la visibilidad de las marcas y la conexi\u00f3n directa con la comunidad ciclista.<\/p>\n<p>&nbsp;<\/p>\n<p data-start=\"1738\" data-end=\"2257\">En este contexto, ISB SPORT refuerza su compromiso como <strong data-start=\"1794\" data-end=\"1879\">partner oficial de la UCI Gravel World Series Girona-Costa Brava Sea Otter Europe<\/strong>, apostando de forma estrat\u00e9gica por el crecimiento del gravel como disciplina clave dentro del ciclismo actual. La colaboraci\u00f3n junto a Ocisport se enmarca en una visi\u00f3n global que une rendimiento, tecnolog\u00eda y presencia activa en eventos de referencia, complementando el trabajo de la marca con embajadores, activaciones y su gama de producto espec\u00edfica para alto rendimiento.<\/p>\n<p>&nbsp;<\/p>\n<p data-start=\"2259\" data-end=\"2526\" data-is-last-node=\"\" data-is-only-node=\"\">Con esta alianza, <a href=\"https:\/\/isbsport.com\/latam\/?page_id=64906\">ISB SPORT<\/a> consolida su posicionamiento dentro del ecosistema internacional del ciclismo, apoyando eventos que no solo destacan por su nivel competitivo, sino tambi\u00e9n por su capacidad de generar comunidad, experiencia y evoluci\u00f3n en torno al deporte.<\/p>\n<p><img loading=\"lazy\" decoding=\"async\" class=\"aligncenter wp-image-67854 size-large\" src=\"https:\/\/isbsport.com\/wp-content\/uploads\/2026\/04\/ocisport_04-1024x683.jpg\" alt=\"ISB SPORT PARTNER OFICIAL DE LA UCI GRAVEL WORLD SERIES GIRONA-COSTA BRAVA SEA OTTER EUROPE\" width=\"1024\" height=\"683\" srcset=\"https:\/\/isbsport.com\/wp-content\/uploads\/2026\/04\/ocisport_04-1024x683.jpg 1024w, https:\/\/isbsport.com\/wp-content\/uploads\/2026\/04\/ocisport_04-300x200.jpg 300w, https:\/\/isbsport.com\/wp-content\/uploads\/2026\/04\/ocisport_04-768x512.jpg 768w, https:\/\/isbsport.com\/wp-content\/uploads\/2026\/04\/ocisport_04-700x467.jpg 700w, https:\/\/isbsport.com\/wp-content\/uploads\/2026\/04\/ocisport_04-600x400.jpg 600w, https:\/\/isbsport.com\/wp-content\/uploads\/2026\/04\/ocisport_04.jpg 1300w\" sizes=\"auto, (max-width: 1024px) 100vw, 1024px\" \/><\/p>\n","protected":false},"excerpt":{"rendered":"<p>Girona refuerza su papel como capital internacional del gravel con una cita clave del calendario UCI: la 226ERS UCI Gravel World Series Girona-Costa Brava Sea Otter Europe, que se presentaba esta semana con la presencia de representantes institucionales y del propio evento, consolidando el peso&#8230;<\/p>\n","protected":false},"author":13,"featured_media":67853,"comment_status":"closed","ping_status":"closed","sticky":false,"template":"","format":"standard","meta":{"footnotes":""},"categories":[524],"tags":[],"class_list":["post-67860","post","type-post","status-publish","format-standard","has-post-thumbnail","hentry","category-cycling-latam"],"_links":{"self":[{"href":"https:\/\/isbsport.com\/latam\/wp-json\/wp\/v2\/posts\/67860","targetHints":{"allow":["GET"]}}],"collection":[{"href":"https:\/\/isbsport.com\/latam\/wp-json\/wp\/v2\/posts"}],"about":[{"href":"https:\/\/isbsport.com\/latam\/wp-json\/wp\/v2\/types\/post"}],"author":[{"embeddable":true,"href":"https:\/\/isbsport.com\/latam\/wp-json\/wp\/v2\/users\/13"}],"replies":[{"embeddable":true,"href":"https:\/\/isbsport.com\/latam\/wp-json\/wp\/v2\/comments?post=67860"}],"version-history":[{"count":1,"href":"https:\/\/isbsport.com\/latam\/wp-json\/wp\/v2\/posts\/67860\/revisions"}],"predecessor-version":[{"id":67877,"href":"https:\/\/isbsport.com\/latam\/wp-json\/wp\/v2\/posts\/67860\/revisions\/67877"}],"wp:featuredmedia":[{"embeddable":true,"href":"https:\/\/isbsport.com\/latam\/wp-json\/wp\/v2\/media\/67853"}],"wp:attachment":[{"href":"https:\/\/isbsport.com\/latam\/wp-json\/wp\/v2\/media?parent=67860"}],"wp:term":[{"taxonomy":"category","embeddable":true,"href":"https:\/\/isbsport.com\/latam\/wp-json\/wp\/v2\/categories?post=67860"},{"taxonomy":"post_tag","embeddable":true,"href":"https:\/\/isbsport.com\/latam\/wp-json\/wp\/v2\/tags?post=67860"}],"curies":[{"name":"wp","href":"https:\/\/api.w.org\/{rel}","templated":true}]}}